{"id":47335,"date":"2023-02-13T22:01:40","date_gmt":"2023-02-14T01:01:40","guid":{"rendered":"https:\/\/www.portalalerta.com.br\/?p=47335"},"modified":"2023-02-13T22:01:41","modified_gmt":"2023-02-14T01:01:41","slug":"pela-primeira-vez-brasil-nao-registra-morte-por-covid-19-em-24-horas","status":"publish","type":"post","link":"https:\/\/www.portalalerta.com.br\/index.php\/2023\/02\/13\/pela-primeira-vez-brasil-nao-registra-morte-por-covid-19-em-24-horas\/","title":{"rendered":"Pela primeira vez, Brasil n\u00e3o registra morte por Covid-19 em 24 horas"},"content":{"rendered":"\n<p>Dentro desse per\u00edodo, foram registrados 298 novos casos de coronav\u00edrus, segundo o Conass<\/p>\n\n\n\n<!--more-->\n\n\n\n<p>Pela primeira vez, desde o in\u00edcio da pandemia de Covid-19, o Brasil passou 24 horas sem registrar mortes causadas pela doen\u00e7a, de acordo com dados do Conselho Nacional de Secret\u00e1rios de Sa\u00fade (Conass), divulgados na noite deste domingo (12).<\/p>\n\n\n\n<p>Dentro desse per\u00edodo, foram registrados 298 novos casos de coronav\u00edrus, segundo o Conass. A m\u00e9dia m\u00f3vel dos \u00faltimos 7 dias foi de 45 \u00f3bitos e 9.126 novos casos di\u00e1rios da doen\u00e7a, de acordo com informa\u00e7\u00f5es da Ag\u00eancia Brasil.<\/p>\n\n\n\n<p>Desde o in\u00edcio da pandemia, em mar\u00e7o de 2020, foram registrados 36.932.830 casos da doen\u00e7a, com 697.674 \u00f3bitos. As taxas de incid\u00eancia e de mortalidade, referentes a casa 100 mil habitantes, s\u00e3o de 17.575 casos de covid-19 e 332 \u00f3bitos.<\/p>\n\n\n\n<p><em>Fonte: Metro1<\/em><\/p>\n","protected":false},"excerpt":{"rendered":"<p>Dentro desse per\u00edodo, foram registrados 298 novos casos de coronav\u00edrus, segundo o Conass<\/p>\n","protected":false},"author":2,"featured_media":24253,"comment_status":"open","ping_status":"open","sticky":false,"template":"","format":"standard","meta":{"om_disable_all_campaigns":false,"_monsterinsights_skip_tracking":false,"_monsterinsights_sitenote_active":false,"_monsterinsights_sitenote_note":"","_monsterinsights_sitenote_category":0,"footnotes":""},"categories":[34,70,69,19],"tags":[100,71,48,4179,93,75,4178,4425,3486,4180,129,107,4181,132,230,3828,106,203,120,51,109,88,47,61,111],"class_list":["post-47335","post","type-post","status-publish","format-standard","has-post-thumbnail","hentry","category-brasil","category-destaques","category-noticias2","category-saude","tag-adustina","tag-antas","tag-araci","tag-banzae-2","tag-brasil","tag-cicero-dantas","tag-cipo-2","tag-coronavirus-2","tag-covid-19","tag-crisopolis-2","tag-euclides-da-cunha","tag-fatima","tag-heliopolis-2","tag-itapicuru","tag-jeremoabo","tag-noticias","tag-nova-soure","tag-novo-triunfo","tag-olindina","tag-paripiranga","tag-quijingue","tag-ribeira-do-amparo","tag-ribeira-do-pombal","tag-saude","tag-sitio-do-quinto"],"aioseo_notices":[],"_links":{"self":[{"href":"https:\/\/www.portalalerta.com.br\/index.php\/wp-json\/wp\/v2\/posts\/47335","targetHints":{"allow":["GET"]}}],"collection":[{"href":"https:\/\/www.portalalerta.com.br\/index.php\/wp-json\/wp\/v2\/posts"}],"about":[{"href":"https:\/\/www.portalalerta.com.br\/index.php\/wp-json\/wp\/v2\/types\/post"}],"author":[{"embeddable":true,"href":"https:\/\/www.portalalerta.com.br\/index.php\/wp-json\/wp\/v2\/users\/2"}],"replies":[{"embeddable":true,"href":"https:\/\/www.portalalerta.com.br\/index.php\/wp-json\/wp\/v2\/comments?post=47335"}],"version-history":[{"count":1,"href":"https:\/\/www.portalalerta.com.br\/index.php\/wp-json\/wp\/v2\/posts\/47335\/revisions"}],"predecessor-version":[{"id":47336,"href":"https:\/\/www.portalalerta.com.br\/index.php\/wp-json\/wp\/v2\/posts\/47335\/revisions\/47336"}],"wp:featuredmedia":[{"embeddable":true,"href":"https:\/\/www.portalalerta.com.br\/index.php\/wp-json\/wp\/v2\/media\/24253"}],"wp:attachment":[{"href":"https:\/\/www.portalalerta.com.br\/index.php\/wp-json\/wp\/v2\/media?parent=47335"}],"wp:term":[{"taxonomy":"category","embeddable":true,"href":"https:\/\/www.portalalerta.com.br\/index.php\/wp-json\/wp\/v2\/categories?post=47335"},{"taxonomy":"post_tag","embeddable":true,"href":"https:\/\/www.portalalerta.com.br\/index.php\/wp-json\/wp\/v2\/tags?post=47335"}],"curies":[{"name":"wp","href":"https:\/\/api.w.org\/{rel}","templated":true}]}}