{"id":47337,"date":"2023-02-13T22:08:56","date_gmt":"2023-02-14T01:08:56","guid":{"rendered":"https:\/\/www.portalalerta.com.br\/?p=47337"},"modified":"2023-02-13T22:08:57","modified_gmt":"2023-02-14T01:08:57","slug":"ribeira-do-pombal-ba-esporte-na-escola-comecou-o-ano-com-novas-medalhas","status":"publish","type":"post","link":"https:\/\/www.portalalerta.com.br\/index.php\/2023\/02\/13\/ribeira-do-pombal-ba-esporte-na-escola-comecou-o-ano-com-novas-medalhas\/","title":{"rendered":"Ribeira do Pombal-BA: Esporte na Escola come\u00e7ou o ano com novas medalhas"},"content":{"rendered":"\n<p>Os jovens atletas pombalenses integrantes do Projeto Esporte na Escola, modalidade Jud\u00f4, conquistaram novas medalhas para a hist\u00f3ria do esporte pombalense, dessa vez foram 06 medalhas de ouro, 03 de prata e 05 de bronze, conquistadas na Copa Bahia Open de Jud\u00f4 Interestadual, realizada em Lauro de Freitas, interior da Bahia.<\/p>\n\n\n\n<!--more-->\n\n\n\n<p>Esse foi o primeiro evento de competi\u00e7\u00e3o cujos atletas pombalenses participaram e o time al\u00e9m do expressivo n\u00famero de medalhas conquistadas, tamb\u00e9m comemorou o fato de come\u00e7ar o ano j\u00e1 com medalhas. Ao todo foram 11 atletas vitoriosos e 14 medalhas.<\/p>\n\n\n<div class=\"wp-block-image\">\n<figure class=\"alignright size-full is-resized\"><img fetchpriority=\"high\" decoding=\"async\" src=\"https:\/\/www.portalalerta.com.br\/wp-content\/uploads\/2021\/04\/ELAB.jpg\" alt=\"\" class=\"wp-image-34795\" width=\"388\" height=\"310\" srcset=\"https:\/\/www.portalalerta.com.br\/wp-content\/uploads\/2021\/04\/ELAB.jpg 1000w, https:\/\/www.portalalerta.com.br\/wp-content\/uploads\/2021\/04\/ELAB-300x240.jpg 300w, https:\/\/www.portalalerta.com.br\/wp-content\/uploads\/2021\/04\/ELAB-768x614.jpg 768w, https:\/\/www.portalalerta.com.br\/wp-content\/uploads\/2021\/04\/ELAB-183x146.jpg 183w, https:\/\/www.portalalerta.com.br\/wp-content\/uploads\/2021\/04\/ELAB-50x40.jpg 50w, https:\/\/www.portalalerta.com.br\/wp-content\/uploads\/2021\/04\/ELAB-94x75.jpg 94w\" sizes=\"(max-width: 388px) 100vw, 388px\" \/><\/figure><\/div>\n\n\n<p><strong>Os campe\u00f5es dessa primeira competi\u00e7\u00e3o de 2023, foram:<\/strong><br><strong>Laiane Neves<\/strong>, Campe\u00e3 Sub 18, Sub 21 e Vice-campe\u00e3 S\u00eanior;<br><strong>Geovanna Bomfim<\/strong>, Campe\u00e3 Sub 18;<br><strong>Maria Sophia<\/strong>, Campe\u00e3 Sub 13;<br><strong>Ayeska Hannya<\/strong>, Campe\u00e3 Sub 13;<br><strong>Vlademir Matos<\/strong>, Campe\u00e3o M7<br><strong>Arthur Santos<\/strong>, Vice-Campe\u00e3o sub 18<br><strong>Clara Xavier<\/strong>, Vice-Campe\u00e3 Sub 21 e S\u00eanior<br><strong>Jo\u00e3o Paulo<\/strong>, 3\u00b0 Lugar Sub 21<br><strong>Gabriel Matos<\/strong>, 3\u00b0 Lugar Sub 13<br><strong>Ycaro Samuel<\/strong>, 3\u00b0 Lugar Sub 11<br><strong>Luis Fernando<\/strong>, 3\u00b0 Lugar no Sub 18<\/p>\n\n\n\n<p><em>Fonte: SECOM\/ Ribeira do Pombal<\/em><\/p>\n","protected":false},"excerpt":{"rendered":"<p>Os jovens atletas pombalenses integrantes do Projeto Esporte na Escola, modalidade Jud\u00f4, conquistaram novas medalhas para a hist\u00f3ria do esporte pombalense, dessa vez foram 06 medalhas de ouro, 03 de prata e 05 de bronze, conquistadas na Copa Bahia Open de Jud\u00f4 Interestadual, realizada em Lauro de Freitas, interior da Bahia.<\/p>\n","protected":false},"author":2,"featured_media":47338,"comment_status":"open","ping_status":"open","sticky":false,"template":"","format":"standard","meta":{"om_disable_all_campaigns":false,"_monsterinsights_skip_tracking":false,"_monsterinsights_sitenote_active":false,"_monsterinsights_sitenote_note":"","_monsterinsights_sitenote_category":0,"footnotes":""},"categories":[70,20,2,69,32,3],"tags":[100,71,48,4179,75,4178,4180,140,96,129,107,4181,132,230,1059,3828,106,203,120,51,109,88,47,111,190],"class_list":["post-47337","post","type-post","status-publish","format-standard","has-post-thumbnail","hentry","category-destaques","category-educacao","category-esportes","category-noticias2","category-regiao","category-ribeira-do-pombal","tag-adustina","tag-antas","tag-araci","tag-banzae-2","tag-cicero-dantas","tag-cipo-2","tag-crisopolis-2","tag-educacao","tag-esporte","tag-euclides-da-cunha","tag-fatima","tag-heliopolis-2","tag-itapicuru","tag-jeremoabo","tag-medalhas","tag-noticias","tag-nova-soure","tag-novo-triunfo","tag-olindina","tag-paripiranga","tag-quijingue","tag-ribeira-do-amparo","tag-ribeira-do-pombal","tag-sitio-do-quinto","tag-tucano"],"aioseo_notices":[],"_links":{"self":[{"href":"https:\/\/www.portalalerta.com.br\/index.php\/wp-json\/wp\/v2\/posts\/47337","targetHints":{"allow":["GET"]}}],"collection":[{"href":"https:\/\/www.portalalerta.com.br\/index.php\/wp-json\/wp\/v2\/posts"}],"about":[{"href":"https:\/\/www.portalalerta.com.br\/index.php\/wp-json\/wp\/v2\/types\/post"}],"author":[{"embeddable":true,"href":"https:\/\/www.portalalerta.com.br\/index.php\/wp-json\/wp\/v2\/users\/2"}],"replies":[{"embeddable":true,"href":"https:\/\/www.portalalerta.com.br\/index.php\/wp-json\/wp\/v2\/comments?post=47337"}],"version-history":[{"count":1,"href":"https:\/\/www.portalalerta.com.br\/index.php\/wp-json\/wp\/v2\/posts\/47337\/revisions"}],"predecessor-version":[{"id":47339,"href":"https:\/\/www.portalalerta.com.br\/index.php\/wp-json\/wp\/v2\/posts\/47337\/revisions\/47339"}],"wp:featuredmedia":[{"embeddable":true,"href":"https:\/\/www.portalalerta.com.br\/index.php\/wp-json\/wp\/v2\/media\/47338"}],"wp:attachment":[{"href":"https:\/\/www.portalalerta.com.br\/index.php\/wp-json\/wp\/v2\/media?parent=47337"}],"wp:term":[{"taxonomy":"category","embeddable":true,"href":"https:\/\/www.portalalerta.com.br\/index.php\/wp-json\/wp\/v2\/categories?post=47337"},{"taxonomy":"post_tag","embeddable":true,"href":"https:\/\/www.portalalerta.com.br\/index.php\/wp-json\/wp\/v2\/tags?post=47337"}],"curies":[{"name":"wp","href":"https:\/\/api.w.org\/{rel}","templated":true}]}}