{"id":47340,"date":"2023-02-14T09:01:00","date_gmt":"2023-02-14T12:01:00","guid":{"rendered":"https:\/\/www.portalalerta.com.br\/?p=47340"},"modified":"2023-02-13T23:49:25","modified_gmt":"2023-02-14T02:49:25","slug":"petrobras-abre-concurso-para-contratacao-de-373-profissionais-de-nivel-tecnico","status":"publish","type":"post","link":"https:\/\/www.portalalerta.com.br\/index.php\/2023\/02\/14\/petrobras-abre-concurso-para-contratacao-de-373-profissionais-de-nivel-tecnico\/","title":{"rendered":"Petrobras abre concurso para contrata\u00e7\u00e3o de 373 profissionais de n\u00edvel t\u00e9cnico"},"content":{"rendered":"\n<p>A&nbsp;Petr\u00f3leo Brasileiro S.A. (Petrobras), divulgou o edital de um novo Processo Seletivo destinado \u00e0 contrata\u00e7\u00e3o de profissionais de n\u00edvel t\u00e9cnico j\u00fanior.<\/p>\n\n\n\n<!--more-->\n\n\n\n<p>De acordo com a publica\u00e7\u00e3o, esta Sele\u00e7\u00e3o busca preencher 373 vagas imediatas, bem como formar cadastro reserva para os cargos das respectivas \u00e1reas: <strong>Enfermagem do Trabalho (5); Inspe\u00e7\u00e3o de Equipamentos e Instala\u00e7\u00f5es (11); Log\u00edstica de Transportes \u2013 Controle (6); Manuten\u00e7\u00e3o \u2013 El\u00e9trica (41); Manuten\u00e7\u00e3o \u2013 Instrumenta\u00e7\u00e3o (55); Manuten\u00e7\u00e3o \u2013 Mec\u00e2nica (66); Opera\u00e7\u00e3o (114); Opera\u00e7\u00e3o de Lastro (24); Projetos, Constru\u00e7\u00e3o e Montagem \u2013 El\u00e9trica (4); Projetos, Constru\u00e7\u00e3o e Montagem \u2013 Mec\u00e2nica (5); Seguran\u00e7a do Trabalho (36); Suprimento de Bens e Servi\u00e7os \u2013 Administra\u00e7\u00e3o (6)<\/strong>.<\/p>\n\n\n<div class=\"wp-block-image\">\n<figure class=\"alignleft size-large is-resized\"><img fetchpriority=\"high\" decoding=\"async\" src=\"https:\/\/www.portalalerta.com.br\/wp-content\/uploads\/2023\/01\/Real-Volta-as-Aulas-2023-816x1024.jpeg\" alt=\"\" class=\"wp-image-46862\" width=\"414\" height=\"520\"\/><\/figure><\/div>\n\n\n<p>Vale ressaltar que entre as oportunidades citadas acima, h\u00e1 inclus\u00e3o de vagas para as pessoas que se enquadram nos crit\u00e9rios do edital.<\/p>\n\n\n\n<p>Para se inscrever, \u00e9 necess\u00e1rio possuir curso t\u00e9cnico de n\u00edvel m\u00e9dio na \u00e1rea de interesse. Quando contratados, a remunera\u00e7\u00e3o ofertada aos profissionais varia de R$ 3.294,36 a R$ 5.563,90.<\/p>\n\n\n\n<p>As inscri\u00e7\u00f5es ser\u00e3o recebidas a partir das 10h do dia 15 de fevereiro de 2023, at\u00e9 \u00e0s 18h do dia 17 de mar\u00e7o deste mesmo ano, exclusivamente via internet, no site do&nbsp;Cebraspe, mediante o pagamento de R$ 62,79 de taxa de participa\u00e7\u00e3o.<\/p>\n\n\n\n<p>Entretanto, os candidatos que se enquadram nos crit\u00e9rios do edital, podem solicitar a isen\u00e7\u00e3o no valor da taxa no per\u00edodo de 15 a 27 de fevereiro de 2023.<\/p>\n\n\n\n<p>Vale ressaltar que a prova \u00e9 composta por 60 quest\u00f5es de m\u00faltipla escolha, distribu\u00eddas entre os conte\u00fados de conhecimentos b\u00e1sicos e conhecimentos espec\u00edficos.<\/p>\n\n\n\n<p>O prazo de validade deste Processo Seletivo ser\u00e1 de um ano, a contar da data de publica\u00e7\u00e3o do edital de homologa\u00e7\u00e3o dos resultados finais, podendo vir a ser prorrogado, uma \u00fanica vez, por igual per\u00edodo, a crit\u00e9rio da Petrobras.<\/p>\n\n\n\n<p><em>Fonte: Jeremoabo Como Eu Vejo<\/em><\/p>\n\n\n\n<p><em>Com informa\u00e7\u00f5es: PCI Concursos<\/em><\/p>\n","protected":false},"excerpt":{"rendered":"<p>A&nbsp;Petr\u00f3leo Brasileiro S.A. (Petrobras), divulgou o edital de um novo Processo Seletivo destinado \u00e0 contrata\u00e7\u00e3o de profissionais de n\u00edvel t\u00e9cnico j\u00fanior.<\/p>\n","protected":false},"author":2,"featured_media":7169,"comment_status":"open","ping_status":"open","sticky":false,"template":"","format":"standard","meta":{"om_disable_all_campaigns":false,"_monsterinsights_skip_tracking":false,"_monsterinsights_sitenote_active":false,"_monsterinsights_sitenote_note":"","_monsterinsights_sitenote_category":0,"footnotes":""},"categories":[34,70,69],"tags":[100,71,48,4179,93,75,4178,3034,4180,129,107,4181,132,230,3828,106,203,120,51,329,109,88,47,111,190],"class_list":["post-47340","post","type-post","status-publish","format-standard","has-post-thumbnail","hentry","category-brasil","category-destaques","category-noticias2","tag-adustina","tag-antas","tag-araci","tag-banzae-2","tag-brasil","tag-cicero-dantas","tag-cipo-2","tag-concurso-publico","tag-crisopolis-2","tag-euclides-da-cunha","tag-fatima","tag-heliopolis-2","tag-itapicuru","tag-jeremoabo","tag-noticias","tag-nova-soure","tag-novo-triunfo","tag-olindina","tag-paripiranga","tag-petrobras","tag-quijingue","tag-ribeira-do-amparo","tag-ribeira-do-pombal","tag-sitio-do-quinto","tag-tucano"],"aioseo_notices":[],"_links":{"self":[{"href":"https:\/\/www.portalalerta.com.br\/index.php\/wp-json\/wp\/v2\/posts\/47340","targetHints":{"allow":["GET"]}}],"collection":[{"href":"https:\/\/www.portalalerta.com.br\/index.php\/wp-json\/wp\/v2\/posts"}],"about":[{"href":"https:\/\/www.portalalerta.com.br\/index.php\/wp-json\/wp\/v2\/types\/post"}],"author":[{"embeddable":true,"href":"https:\/\/www.portalalerta.com.br\/index.php\/wp-json\/wp\/v2\/users\/2"}],"replies":[{"embeddable":true,"href":"https:\/\/www.portalalerta.com.br\/index.php\/wp-json\/wp\/v2\/comments?post=47340"}],"version-history":[{"count":2,"href":"https:\/\/www.portalalerta.com.br\/index.php\/wp-json\/wp\/v2\/posts\/47340\/revisions"}],"predecessor-version":[{"id":47345,"href":"https:\/\/www.portalalerta.com.br\/index.php\/wp-json\/wp\/v2\/posts\/47340\/revisions\/47345"}],"wp:featuredmedia":[{"embeddable":true,"href":"https:\/\/www.portalalerta.com.br\/index.php\/wp-json\/wp\/v2\/media\/7169"}],"wp:attachment":[{"href":"https:\/\/www.portalalerta.com.br\/index.php\/wp-json\/wp\/v2\/media?parent=47340"}],"wp:term":[{"taxonomy":"category","embeddable":true,"href":"https:\/\/www.portalalerta.com.br\/index.php\/wp-json\/wp\/v2\/categories?post=47340"},{"taxonomy":"post_tag","embeddable":true,"href":"https:\/\/www.portalalerta.com.br\/index.php\/wp-json\/wp\/v2\/tags?post=47340"}],"curies":[{"name":"wp","href":"https:\/\/api.w.org\/{rel}","templated":true}]}}