{"id":47350,"date":"2023-02-14T09:03:00","date_gmt":"2023-02-14T12:03:00","guid":{"rendered":"https:\/\/www.portalalerta.com.br\/?p=47350"},"modified":"2023-02-14T00:12:46","modified_gmt":"2023-02-14T03:12:46","slug":"veja-lista-de-pessoas-e-empresas-citadas-em-acao-da-agu-como-financiadoras-dos-atos-golpistas","status":"publish","type":"post","link":"https:\/\/www.portalalerta.com.br\/index.php\/2023\/02\/14\/veja-lista-de-pessoas-e-empresas-citadas-em-acao-da-agu-como-financiadoras-dos-atos-golpistas\/","title":{"rendered":"Veja lista de pessoas e empresas citadas em a\u00e7\u00e3o da AGU como financiadoras dos atos golpistas"},"content":{"rendered":"\n<p><strong>\u00d3rg\u00e3o pediu \u00e0 Justi\u00e7a que tr\u00eas empresas, uma associa\u00e7\u00e3o, um sindicato e 54 pessoas sejam condenadas a pagar R$ 20,7 milh\u00f5es como repara\u00e7\u00e3o por depreda\u00e7\u00e3o em Bras\u00edlia.<\/strong><\/p>\n\n\n\n<!--more-->\n\n\n\n<p>A\u00a0Advocacia-Geral da Uni\u00e3o\u00a0(AGU) pediu nesta segunda-feira (13) que a Justi\u00e7a Federal em Bras\u00edlia\u00a0condene 54 pessoas, uma associa\u00e7\u00e3o, um sindicato e tr\u00eas empresas\u00a0a ressarcirem em\u00a0<strong>R$ 20,7 milh\u00f5es\u00a0<\/strong>os cofres p\u00fablicos pelos atos de vandalismo que depredaram as sedes dos Tr\u00eas Poderes no dia 8 de janeiro.\u00a0<strong><em>Veja a lista completa mais abaixo.<\/em><\/strong><\/p>\n\n\n\n<p>Segundo a AGU, a a\u00e7\u00e3o envolve pessoas que participaram e empresas que financiaram os atos criminosos.<\/p>\n\n\n\n<p>O valor do preju\u00edzo foi calculado a partir de dados apresentados pelo Supremo Tribunal Federal (STF), Pal\u00e1cio do Planalto, C\u00e2mara dos Deputados e Senado Federal, que foram alvos dos bolsonaristas radicais.<\/p>\n\n\n\n<p>Esse \u00e9 o primeiro pedido de condena\u00e7\u00e3o definitiva ap\u00f3s investiga\u00e7\u00e3o dos atos golpistas. Ao todo, a AGU j\u00e1 acionou 178 pessoas na Justi\u00e7a.<\/p>\n\n\n\n<p><strong>Veja abaixo a lista de pessoas, empresas e entidades apontadas pela AGU como financiadoras dos atos golpistas:<\/strong><\/p>\n\n\n\n<p><strong>PESSOAS F\u00cdSICAS<\/strong><\/p>\n\n\n<div class=\"wp-block-image\">\n<figure class=\"alignright size-full is-resized\"><img fetchpriority=\"high\" decoding=\"async\" src=\"https:\/\/www.portalalerta.com.br\/wp-content\/uploads\/2021\/04\/ELAB.jpg\" alt=\"\" class=\"wp-image-34795\" width=\"407\" height=\"325\" srcset=\"https:\/\/www.portalalerta.com.br\/wp-content\/uploads\/2021\/04\/ELAB.jpg 1000w, https:\/\/www.portalalerta.com.br\/wp-content\/uploads\/2021\/04\/ELAB-300x240.jpg 300w, https:\/\/www.portalalerta.com.br\/wp-content\/uploads\/2021\/04\/ELAB-768x614.jpg 768w, https:\/\/www.portalalerta.com.br\/wp-content\/uploads\/2021\/04\/ELAB-183x146.jpg 183w, https:\/\/www.portalalerta.com.br\/wp-content\/uploads\/2021\/04\/ELAB-50x40.jpg 50w, https:\/\/www.portalalerta.com.br\/wp-content\/uploads\/2021\/04\/ELAB-94x75.jpg 94w\" sizes=\"(max-width: 407px) 100vw, 407px\" \/><\/figure><\/div>\n\n\n<ol class=\"wp-block-list\" type=\"1\">\n<li>Adailton Gomes Vidal, de S\u00e3o Paulo (SP)<\/li>\n\n\n\n<li>Ademir Luis Graeff, de Missal (PR)<\/li>\n\n\n\n<li>Adoilto Fernandes Coronel, de Maracaju (MS)<\/li>\n\n\n\n<li>Adriano Luis Cansi, de Cascavel (PR)<\/li>\n\n\n\n<li>Alethea Veruska, de S\u00e3o Jos\u00e9 dos Campos (SP)<\/li>\n\n\n\n<li>Amir Roberto El Dine, de Porto Uni\u00e3o (SC)<\/li>\n\n\n\n<li>Anderson Luiz de Oliveira, de Frutal (MG)<\/li>\n\n\n\n<li>Aparecida Solange Zanini, de Tr\u00eas Lagoas (MS)<\/li>\n\n\n\n<li>Bruno Marcos de Souza Campos, de Belo Horizonte (MG)<\/li>\n\n\n\n<li>Carlos Eduardo Oliveira, de S\u00e3o Pedro (SP)<\/li>\n\n\n\n<li>Cesar Pagatini, de Bento Gon\u00e7alves (RS)<\/li>\n\n\n\n<li>Claudia Reis de Andrade, de Juiz de Fora (MG)<\/li>\n\n\n\n<li>Daniela Bernardo Bussolotti, de Belo Horizonte (MG)<\/li>\n\n\n\n<li>Dyego Primolan Rocha, de Presidente Prudente (SP)<\/li>\n\n\n\n<li>Fernando Jos\u00e9 Ribeiro Casaca, de S\u00e3o Vicente (SP)<\/li>\n\n\n\n<li>Franciely Sulamita de Faria, de Nova Ponte (MG)<\/li>\n\n\n\n<li>Genival Jose da Silva, de Ribeir\u00e3o Preto (SP)<\/li>\n\n\n\n<li>Hilma Schumacher, de Belo Horizonte (MG)<\/li>\n\n\n\n<li>Jasson Ferreira Lima, de Paracatu (MG)<\/li>\n\n\n\n<li>Jean Franco de Souza, de Mirassol (SP)<\/li>\n\n\n\n<li>Jo\u00e3o Carlos Baldan, de S\u00e3o Jos\u00e9 do Rio Preto (SP)<\/li>\n\n\n\n<li>Jorge Rodrigues Cunha, de Pilar do Sul (SP)<\/li>\n\n\n\n<li>Jos\u00e9 de Oliveira, de Bom Jesus dos Perd\u00f5es (SP)<\/li>\n\n\n\n<li>Jos\u00e9 Marcolino Ramos, de Lins (SP)<\/li>\n\n\n\n<li>Jos\u00e9 Roberto Bacarin, de Cianorte (PR)<\/li>\n\n\n\n<li>Josiany Duque Gomes Simas, de Cuiab\u00e1 (MT)<\/li>\n\n\n\n<li>Leomar Schinemann, de Guarapuava (PR)<\/li>\n\n\n\n<li>Marcelo Panho, de Foz do Igua\u00e7u (PR)<\/li>\n\n\n\n<li>Marcia Regina Rodrigues, de Ribeir\u00e3o Preto (SP)<\/li>\n\n\n\n<li>M\u00e1rcio Vin\u00edcius Carvalho Coelho, de Mar\u00edlia (SP)<\/li>\n\n\n\n<li>Marco Antonio de Souza, de Leme (SP)<\/li>\n\n\n\n<li>Marcos Oliveira Queiroz, de S\u00e3o Paulo (SP)<\/li>\n\n\n\n<li>Marlon Diego de Oliveira, de Tup\u00e3 (SP)<\/li>\n\n\n\n<li>Michely Paiva Alves, de Limeira (SP)<\/li>\n\n\n\n<li>Monica Regina Antoniazi, de Piracicaba (SP)<\/li>\n\n\n\n<li>Nelma Barros Braga Perovani, de Piratininga (SP)<\/li>\n\n\n\n<li>Nelson Eufrosino, de Ourinhos (SP)<\/li>\n\n\n\n<li>Pablo Henrique da Silva Santos, de Belo Horizonte (MG)<\/li>\n\n\n\n<li>Patricia dos Santos Alberto Lima, de Belo Horizonte (MG)<\/li>\n\n\n\n<li>Pedro Luis Kurunczi, de Londrina (PR)<\/li>\n\n\n\n<li>Rafael da Silva, de Catal\u00e3o (GO);<\/li>\n\n\n\n<li>Rieny Munhoz Marcula, de Campinas (SP)<\/li>\n\n\n\n<li>Ros\u00e2ngela de Macedo Souza, de Riol\u00e2ndia (SP)<\/li>\n\n\n\n<li>Ruti Machado da Silva, de Nova Londrina (PR)<\/li>\n\n\n\n<li>Sandra Nunes de Aquino, de Sorocaba (SP)<\/li>\n\n\n\n<li>Selma Borges Pereira Fioreze, de Monte Azul Paulista (SP)<\/li>\n\n\n\n<li>Sheila Ferrarini, de Caxias do Sul (RS)<\/li>\n\n\n\n<li>Sheila Mantovanni, de Mogi das Cruzes (SP)<\/li>\n\n\n\n<li>Stefanus Alexssandro Franca Nogueira, de Ponta Grossa (PR)<\/li>\n\n\n\n<li>Sulani da Luz Antunes Santos, de Vinhedo (SP)<\/li>\n\n\n\n<li>Valfrido Chieppe Dias, de Vila Velha (ES)<\/li>\n\n\n\n<li>Vanderson Alves Nunes, de Francisco Beltr\u00e3o (PR)<\/li>\n\n\n\n<li>Yres Guimar\u00e3es, de Rio Verde (GO)<\/li>\n\n\n\n<li>Zilda Aparecida Dias, de Rio Claro (SP)<\/li>\n<\/ol>\n\n\n\n<p><strong>EMPRESAS E ENTIDADES<\/strong><\/p>\n\n\n\n<ol class=\"wp-block-list\" type=\"1\">\n<li>Alves Transportes LTDA., sediada em Aragua\u00edna (TO)<\/li>\n\n\n\n<li>Associa\u00e7\u00e3o Direita Corn\u00e9lio Proc\u00f3pio, sediada em Corn\u00e9lio Proc\u00f3pio (PR)<\/li>\n\n\n\n<li>Primavera Tur Transporte EIRELI, sediada em Primavera do Leste (MT)<\/li>\n\n\n\n<li>RV da Silva Servi\u00e7os Florestais LTDA, sediada em Pira\u00ed do Sul (PR)<\/li>\n\n\n\n<li>Sindicato Rural de Castro, sediado em Castro (PR)<\/li>\n<\/ol>\n\n\n\n<p><em>Fonte: G1<\/em><\/p>\n","protected":false},"excerpt":{"rendered":"<p>\u00d3rg\u00e3o pediu \u00e0 Justi\u00e7a que tr\u00eas empresas, uma associa\u00e7\u00e3o, um sindicato e 54 pessoas sejam condenadas a pagar R$ 20,7 milh\u00f5es como repara\u00e7\u00e3o por depreda\u00e7\u00e3o em Bras\u00edlia.<\/p>\n","protected":false},"author":2,"featured_media":46715,"comment_status":"open","ping_status":"open","sticky":false,"template":"","format":"standard","meta":{"om_disable_all_campaigns":false,"_monsterinsights_skip_tracking":false,"_monsterinsights_sitenote_active":false,"_monsterinsights_sitenote_note":"","_monsterinsights_sitenote_category":0,"footnotes":""},"categories":[34,70,69,21],"tags":[100,3573,71,48,4179,93,75,4178,4180,129,107,4816,4181,132,230,3828,106,203,120,51,199,109,88,47,111],"class_list":["post-47350","post","type-post","status-publish","format-standard","has-post-thumbnail","hentry","category-brasil","category-destaques","category-noticias2","category-politica","tag-adustina","tag-agu","tag-antas","tag-araci","tag-banzae-2","tag-brasil","tag-cicero-dantas","tag-cipo-2","tag-crisopolis-2","tag-euclides-da-cunha","tag-fatima","tag-golpistas","tag-heliopolis-2","tag-itapicuru","tag-jeremoabo","tag-noticias","tag-nova-soure","tag-novo-triunfo","tag-olindina","tag-paripiranga","tag-politica","tag-quijingue","tag-ribeira-do-amparo","tag-ribeira-do-pombal","tag-sitio-do-quinto"],"aioseo_notices":[],"_links":{"self":[{"href":"https:\/\/www.portalalerta.com.br\/index.php\/wp-json\/wp\/v2\/posts\/47350","targetHints":{"allow":["GET"]}}],"collection":[{"href":"https:\/\/www.portalalerta.com.br\/index.php\/wp-json\/wp\/v2\/posts"}],"about":[{"href":"https:\/\/www.portalalerta.com.br\/index.php\/wp-json\/wp\/v2\/types\/post"}],"author":[{"embeddable":true,"href":"https:\/\/www.portalalerta.com.br\/index.php\/wp-json\/wp\/v2\/users\/2"}],"replies":[{"embeddable":true,"href":"https:\/\/www.portalalerta.com.br\/index.php\/wp-json\/wp\/v2\/comments?post=47350"}],"version-history":[{"count":1,"href":"https:\/\/www.portalalerta.com.br\/index.php\/wp-json\/wp\/v2\/posts\/47350\/revisions"}],"predecessor-version":[{"id":47351,"href":"https:\/\/www.portalalerta.com.br\/index.php\/wp-json\/wp\/v2\/posts\/47350\/revisions\/47351"}],"wp:featuredmedia":[{"embeddable":true,"href":"https:\/\/www.portalalerta.com.br\/index.php\/wp-json\/wp\/v2\/media\/46715"}],"wp:attachment":[{"href":"https:\/\/www.portalalerta.com.br\/index.php\/wp-json\/wp\/v2\/media?parent=47350"}],"wp:term":[{"taxonomy":"category","embeddable":true,"href":"https:\/\/www.portalalerta.com.br\/index.php\/wp-json\/wp\/v2\/categories?post=47350"},{"taxonomy":"post_tag","embeddable":true,"href":"https:\/\/www.portalalerta.com.br\/index.php\/wp-json\/wp\/v2\/tags?post=47350"}],"curies":[{"name":"wp","href":"https:\/\/api.w.org\/{rel}","templated":true}]}}