{"id":47353,"date":"2023-02-14T14:34:15","date_gmt":"2023-02-14T17:34:15","guid":{"rendered":"https:\/\/www.portalalerta.com.br\/?p=47353"},"modified":"2023-02-14T14:34:17","modified_gmt":"2023-02-14T17:34:17","slug":"pf-cumpre-8-mandados-de-prisao-em-operacao-contra-suspeitos-de-ataques-em-brasilia","status":"publish","type":"post","link":"https:\/\/www.portalalerta.com.br\/index.php\/2023\/02\/14\/pf-cumpre-8-mandados-de-prisao-em-operacao-contra-suspeitos-de-ataques-em-brasilia\/","title":{"rendered":"PF cumpre 8 mandados de pris\u00e3o em opera\u00e7\u00e3o contra suspeitos de ataques em Bras\u00edlia"},"content":{"rendered":"\n<p>A Pol\u00edcia Federal cumpre nesta ter\u00e7a-feira oito mandados de pris\u00e3o preventiva na sexta fase da opera\u00e7\u00e3o Lesa P\u00e1tria, que investiga os ataques de 8 de janeiro contra as sedes dos Tr\u00eas Poderes, informou a corpora\u00e7\u00e3o em comunicado.<\/p>\n\n\n\n<!--more-->\n\n\n\n<p>De acordo com a PF, ainda est\u00e3o sendo cumpridos 13 mandados de busca e apreens\u00e3o em Goi\u00e1s, Minas Gerais, Paran\u00e1, Sergipe e S\u00e3o Paulo. Os mandados foram determinados pelo Supremo Tribunal Federal (STF).<\/p>\n\n\n\n<p><strong><em>&#8220;Os fatos investigados constituem, em tese, os crimes de aboli\u00e7\u00e3o violenta do Estado Democr\u00e1tico de Direito, golpe de Estado, dano qualificado, associa\u00e7\u00e3o criminosa, incita\u00e7\u00e3o ao crime, destrui\u00e7\u00e3o e deteriora\u00e7\u00e3o ou inutiliza\u00e7\u00e3o de bem especialmente protegido&#8221;<\/em><\/strong>, disse a PF em nota, sem divulgar os nomes dos alvos da opera\u00e7\u00e3o desta ter\u00e7a.<\/p>\n\n\n<div class=\"wp-block-image\">\n<figure class=\"alignleft size-full\"><img fetchpriority=\"high\" decoding=\"async\" width=\"400\" height=\"300\" src=\"https:\/\/www.portalalerta.com.br\/wp-content\/uploads\/2023\/01\/Auto-Escola-Sonho.jpg\" alt=\"\" class=\"wp-image-47083\" srcset=\"https:\/\/www.portalalerta.com.br\/wp-content\/uploads\/2023\/01\/Auto-Escola-Sonho.jpg 400w, https:\/\/www.portalalerta.com.br\/wp-content\/uploads\/2023\/01\/Auto-Escola-Sonho-320x240.jpg 320w\" sizes=\"(max-width: 400px) 100vw, 400px\" \/><\/figure><\/div>\n\n\n<p><strong><em>&#8220;As investiga\u00e7\u00f5es continuam em curso e a opera\u00e7\u00e3o Lesa P\u00e1tria se torna permanente, com atualiza\u00e7\u00f5es peri\u00f3dicas acerca do n\u00famero de mandados judiciais expedidos, pessoas capturadas e foragidas.&#8221;<\/em><\/strong><\/p>\n\n\n\n<p>No dia 8 de janeiro apoiadores do ex-presidente Jair Bolsonaro defensores de um golpe de Estado contra o governo do presidente Luiz In\u00e1cio Lula da Silva, que havia tomado posse uma semana antes, invadiram e depredaram o Pal\u00e1cio do Planalto e os pr\u00e9dios do Congresso Nacional e do STF.<\/p>\n\n\n\n<p>Lula classificou o epis\u00f3dio como uma tentativa de golpe e desde ent\u00e3o suspeitos de participa\u00e7\u00e3o direta ou indireta, inclusive por omiss\u00e3o, foram detidos, al\u00e9m da investiga\u00e7\u00e3o contra financiadores dos atos antidemocr\u00e1ticos.<\/p>\n\n\n\n<p>Na segunda-feira, a Advocacia-Geral da Uni\u00e3o pediu \u00e0 Justi\u00e7a Federal do Distrito Federal a condena\u00e7\u00e3o de 54 pessoas, tr\u00eas empresas, uma associa\u00e7\u00e3o e um sindicato acusados de financiar o fretamento de \u00f4nibus para que os v\u00e2ndalos fossem \u00e0 Bras\u00edlia depredar as sedes dos Poderes. A AGU cobra dos acusados 20,7 milh\u00f5es de reais como ressarcimento aos cofres p\u00fablicos.<\/p>\n\n\n\n<p><em>Fonte: Yahoo Not\u00edcias<\/em><\/p>\n","protected":false},"excerpt":{"rendered":"<p>A Pol\u00edcia Federal cumpre nesta ter\u00e7a-feira oito mandados de pris\u00e3o preventiva na sexta fase da opera\u00e7\u00e3o Lesa P\u00e1tria, que investiga os ataques de 8 de janeiro contra as sedes dos Tr\u00eas Poderes, informou a corpora\u00e7\u00e3o em comunicado.<\/p>\n","protected":false},"author":2,"featured_media":47354,"comment_status":"open","ping_status":"open","sticky":false,"template":"","format":"standard","meta":{"om_disable_all_campaigns":false,"_monsterinsights_skip_tracking":false,"_monsterinsights_sitenote_active":false,"_monsterinsights_sitenote_note":"","_monsterinsights_sitenote_category":0,"footnotes":""},"categories":[34,70,69,21,22],"tags":[100,71,48,4179,93,75,4178,4180,129,107,4181,132,230,2534,3828,106,203,120,5910,51,173,109,88,47,111,190],"class_list":["post-47353","post","type-post","status-publish","format-standard","has-post-thumbnail","hentry","category-brasil","category-destaques","category-noticias2","category-politica","category-seguranca","tag-adustina","tag-antas","tag-araci","tag-banzae-2","tag-brasil","tag-cicero-dantas","tag-cipo-2","tag-crisopolis-2","tag-euclides-da-cunha","tag-fatima","tag-heliopolis-2","tag-itapicuru","tag-jeremoabo","tag-mandados-de-prisao","tag-noticias","tag-nova-soure","tag-novo-triunfo","tag-olindina","tag-operacao-lesa-patria","tag-paripiranga","tag-policia-federal","tag-quijingue","tag-ribeira-do-amparo","tag-ribeira-do-pombal","tag-sitio-do-quinto","tag-tucano"],"aioseo_notices":[],"_links":{"self":[{"href":"https:\/\/www.portalalerta.com.br\/index.php\/wp-json\/wp\/v2\/posts\/47353","targetHints":{"allow":["GET"]}}],"collection":[{"href":"https:\/\/www.portalalerta.com.br\/index.php\/wp-json\/wp\/v2\/posts"}],"about":[{"href":"https:\/\/www.portalalerta.com.br\/index.php\/wp-json\/wp\/v2\/types\/post"}],"author":[{"embeddable":true,"href":"https:\/\/www.portalalerta.com.br\/index.php\/wp-json\/wp\/v2\/users\/2"}],"replies":[{"embeddable":true,"href":"https:\/\/www.portalalerta.com.br\/index.php\/wp-json\/wp\/v2\/comments?post=47353"}],"version-history":[{"count":1,"href":"https:\/\/www.portalalerta.com.br\/index.php\/wp-json\/wp\/v2\/posts\/47353\/revisions"}],"predecessor-version":[{"id":47355,"href":"https:\/\/www.portalalerta.com.br\/index.php\/wp-json\/wp\/v2\/posts\/47353\/revisions\/47355"}],"wp:featuredmedia":[{"embeddable":true,"href":"https:\/\/www.portalalerta.com.br\/index.php\/wp-json\/wp\/v2\/media\/47354"}],"wp:attachment":[{"href":"https:\/\/www.portalalerta.com.br\/index.php\/wp-json\/wp\/v2\/media?parent=47353"}],"wp:term":[{"taxonomy":"category","embeddable":true,"href":"https:\/\/www.portalalerta.com.br\/index.php\/wp-json\/wp\/v2\/categories?post=47353"},{"taxonomy":"post_tag","embeddable":true,"href":"https:\/\/www.portalalerta.com.br\/index.php\/wp-json\/wp\/v2\/tags?post=47353"}],"curies":[{"name":"wp","href":"https:\/\/api.w.org\/{rel}","templated":true}]}}