{"id":47358,"date":"2023-02-14T15:00:31","date_gmt":"2023-02-14T18:00:31","guid":{"rendered":"https:\/\/www.portalalerta.com.br\/?p=47358"},"modified":"2023-02-14T15:00:33","modified_gmt":"2023-02-14T18:00:33","slug":"dupla-e-conduzida-para-a-delegacia-apos-ser-flagrada-com-drogas-em-monte-santo-ba","status":"publish","type":"post","link":"https:\/\/www.portalalerta.com.br\/index.php\/2023\/02\/14\/dupla-e-conduzida-para-a-delegacia-apos-ser-flagrada-com-drogas-em-monte-santo-ba\/","title":{"rendered":"Dupla \u00e9 conduzida para a Delegacia ap\u00f3s ser flagrada com drogas, em Monte Santo-BA"},"content":{"rendered":"\n<p>Na \u00faltima segunda-feira (13), policiais militares da 3\u00aa CIA\/ Monte Santo-BA, flagraram duas pessoas, entre elas, um menor de idade, portando drogas, no referido munic\u00edpio.<\/p>\n\n\n\n<!--more-->\n\n\n\n<p>Com a dupla foram encontrados: <strong>01 tablete contendo maconha, 02 trouxinhas contendo pedras de crack, p\u00e9s da erva Cannabis Sativa (Maconha), e uma quantia de R$ 45,00 em esp\u00e9cie.<\/strong><\/p>\n\n\n\n<p>A dupla foi conduzida para a Delegacia de Pol\u00edcia Civil juntamente com a droga, para a ado\u00e7\u00e3o das medidas cab\u00edveis. Contra o adulto, al\u00e9m da acusa\u00e7\u00e3o de tr\u00e1fico de drogas, recai a imputa\u00e7\u00e3o de crime de corrup\u00e7\u00e3o de menor.<\/p>\n\n\n\n<p><em>Reda\u00e7\u00e3o: Portal Alerta<\/em><\/p>\n","protected":false},"excerpt":{"rendered":"<p>Na \u00faltima segunda-feira (13), policiais militares da 3\u00aa CIA\/ Monte Santo-BA, flagraram duas pessoas, entre elas, um menor de idade, portando drogas, no referido munic\u00edpio.<\/p>\n","protected":false},"author":2,"featured_media":47359,"comment_status":"open","ping_status":"open","sticky":false,"template":"","format":"standard","meta":{"om_disable_all_campaigns":false,"_monsterinsights_skip_tracking":false,"_monsterinsights_sitenote_active":false,"_monsterinsights_sitenote_note":"","_monsterinsights_sitenote_category":0,"footnotes":""},"categories":[33,70,69,22],"tags":[387,100,71,143,48,54,4179,75,4178,2623,4180,129,107,4181,132,230,3828,106,203,120,51,79,77,109,88,47,111,76,190],"class_list":["post-47358","post","type-post","status-publish","format-standard","has-post-thumbnail","hentry","category-bahia","category-destaques","category-noticias2","category-seguranca","tag-5o-bpm","tag-adustina","tag-antas","tag-apreensao","tag-araci","tag-bahia","tag-banzae-2","tag-cicero-dantas","tag-cipo-2","tag-corrupcao-de-menor","tag-crisopolis-2","tag-euclides-da-cunha","tag-fatima","tag-heliopolis-2","tag-itapicuru","tag-jeremoabo","tag-noticias","tag-nova-soure","tag-novo-triunfo","tag-olindina","tag-paripiranga","tag-policia-militar","tag-preso","tag-quijingue","tag-ribeira-do-amparo","tag-ribeira-do-pombal","tag-sitio-do-quinto","tag-trafico-de-drogas","tag-tucano"],"aioseo_notices":[],"_links":{"self":[{"href":"https:\/\/www.portalalerta.com.br\/index.php\/wp-json\/wp\/v2\/posts\/47358","targetHints":{"allow":["GET"]}}],"collection":[{"href":"https:\/\/www.portalalerta.com.br\/index.php\/wp-json\/wp\/v2\/posts"}],"about":[{"href":"https:\/\/www.portalalerta.com.br\/index.php\/wp-json\/wp\/v2\/types\/post"}],"author":[{"embeddable":true,"href":"https:\/\/www.portalalerta.com.br\/index.php\/wp-json\/wp\/v2\/users\/2"}],"replies":[{"embeddable":true,"href":"https:\/\/www.portalalerta.com.br\/index.php\/wp-json\/wp\/v2\/comments?post=47358"}],"version-history":[{"count":1,"href":"https:\/\/www.portalalerta.com.br\/index.php\/wp-json\/wp\/v2\/posts\/47358\/revisions"}],"predecessor-version":[{"id":47360,"href":"https:\/\/www.portalalerta.com.br\/index.php\/wp-json\/wp\/v2\/posts\/47358\/revisions\/47360"}],"wp:featuredmedia":[{"embeddable":true,"href":"https:\/\/www.portalalerta.com.br\/index.php\/wp-json\/wp\/v2\/media\/47359"}],"wp:attachment":[{"href":"https:\/\/www.portalalerta.com.br\/index.php\/wp-json\/wp\/v2\/media?parent=47358"}],"wp:term":[{"taxonomy":"category","embeddable":true,"href":"https:\/\/www.portalalerta.com.br\/index.php\/wp-json\/wp\/v2\/categories?post=47358"},{"taxonomy":"post_tag","embeddable":true,"href":"https:\/\/www.portalalerta.com.br\/index.php\/wp-json\/wp\/v2\/tags?post=47358"}],"curies":[{"name":"wp","href":"https:\/\/api.w.org\/{rel}","templated":true}]}}