{"id":47361,"date":"2023-02-14T15:24:35","date_gmt":"2023-02-14T18:24:35","guid":{"rendered":"https:\/\/www.portalalerta.com.br\/?p=47361"},"modified":"2023-02-14T15:24:36","modified_gmt":"2023-02-14T18:24:36","slug":"morador-fica-ferido-apos-ter-casa-invadida-em-adustina-ba-criminosos-efetuaram-disparos-de-arma-de-fogo","status":"publish","type":"post","link":"https:\/\/www.portalalerta.com.br\/index.php\/2023\/02\/14\/morador-fica-ferido-apos-ter-casa-invadida-em-adustina-ba-criminosos-efetuaram-disparos-de-arma-de-fogo\/","title":{"rendered":"Morador fica ferido ap\u00f3s ter casa invadida em Adustina-BA. Criminosos efetuaram disparos de arma de fogo!"},"content":{"rendered":"\n<p>Por volta das 22hs da \u00faltima segunda-feira (13), moradores da Pra\u00e7a da Feira, em Adustina-BA, informaram \u00e0 Pol\u00edcia a respeito de disparos de arma de fogo, que tinham sido efetuados na regi\u00e3o.<\/p>\n\n\n\n<!--more-->\n\n\n\n<p>Os policiais se dirigiram at\u00e9 o local, mais precisamente numa rua atr\u00e1s da garagem municipal, onde constataram que uma resid\u00eancia estava com sinais de arrombamento. No local, os policiais n\u00e3o encontraram nem os poss\u00edveis autores, tampouco v\u00edtimas, por\u00e9m perceberam marcas de tiros na porta e numa das paredes.<\/p>\n\n\n\n<p>Na sequ\u00eancia, os policiais foram informados que um homem teria dado entrada na Emerg\u00eancia do Hospital Municipal da cidade, com um ferimento superficial no rosto. De acordo com a v\u00edtima, identificada pelas iniciais P.A.S, quando se encontrava deitada em sua resid\u00eancia, escutou os disparos de arma de fogo, decidindo se abrigar atr\u00e1s da porta, mas mesmo assim, dois criminosos utilizando capacetes, teriam invadido o local, e n\u00e3o obtendo \u00eaxito na consuma\u00e7\u00e3o do crime, fugiram a bordo de duas motocicletas, para um destino ignorado.<\/p>\n\n\n\n<p>O caso dever\u00e1 ser investigado pela Pol\u00edcia Civil.<\/p>\n\n\n\n<p><em>Reda\u00e7\u00e3o: Portal Alerta<\/em><\/p>\n","protected":false},"excerpt":{"rendered":"<p>Por volta das 22hs da \u00faltima segunda-feira (13), moradores da Pra\u00e7a da Feira, em Adustina-BA, informaram \u00e0 Pol\u00edcia a respeito de disparos de arma de fogo, que tinham sido efetuados na regi\u00e3o.<\/p>\n","protected":false},"author":2,"featured_media":47362,"comment_status":"open","ping_status":"open","sticky":false,"template":"","format":"standard","meta":{"om_disable_all_campaigns":false,"_monsterinsights_skip_tracking":false,"_monsterinsights_sitenote_active":false,"_monsterinsights_sitenote_note":"","_monsterinsights_sitenote_category":0,"footnotes":""},"categories":[40,70,69,32,22],"tags":[100,71,48,4179,75,4178,4180,375,129,107,299,4181,665,132,230,3828,106,203,120,51,109,88,47,111,190],"class_list":["post-47361","post","type-post","status-publish","format-standard","has-post-thumbnail","hentry","category-adustina","category-destaques","category-noticias2","category-regiao","category-seguranca","tag-adustina","tag-antas","tag-araci","tag-banzae-2","tag-cicero-dantas","tag-cipo-2","tag-crisopolis-2","tag-disparos-de-arma-de-fogo","tag-euclides-da-cunha","tag-fatima","tag-ferido","tag-heliopolis-2","tag-invasao-de-domicilio","tag-itapicuru","tag-jeremoabo","tag-noticias","tag-nova-soure","tag-novo-triunfo","tag-olindina","tag-paripiranga","tag-quijingue","tag-ribeira-do-amparo","tag-ribeira-do-pombal","tag-sitio-do-quinto","tag-tucano"],"aioseo_notices":[],"_links":{"self":[{"href":"https:\/\/www.portalalerta.com.br\/index.php\/wp-json\/wp\/v2\/posts\/47361","targetHints":{"allow":["GET"]}}],"collection":[{"href":"https:\/\/www.portalalerta.com.br\/index.php\/wp-json\/wp\/v2\/posts"}],"about":[{"href":"https:\/\/www.portalalerta.com.br\/index.php\/wp-json\/wp\/v2\/types\/post"}],"author":[{"embeddable":true,"href":"https:\/\/www.portalalerta.com.br\/index.php\/wp-json\/wp\/v2\/users\/2"}],"replies":[{"embeddable":true,"href":"https:\/\/www.portalalerta.com.br\/index.php\/wp-json\/wp\/v2\/comments?post=47361"}],"version-history":[{"count":1,"href":"https:\/\/www.portalalerta.com.br\/index.php\/wp-json\/wp\/v2\/posts\/47361\/revisions"}],"predecessor-version":[{"id":47363,"href":"https:\/\/www.portalalerta.com.br\/index.php\/wp-json\/wp\/v2\/posts\/47361\/revisions\/47363"}],"wp:featuredmedia":[{"embeddable":true,"href":"https:\/\/www.portalalerta.com.br\/index.php\/wp-json\/wp\/v2\/media\/47362"}],"wp:attachment":[{"href":"https:\/\/www.portalalerta.com.br\/index.php\/wp-json\/wp\/v2\/media?parent=47361"}],"wp:term":[{"taxonomy":"category","embeddable":true,"href":"https:\/\/www.portalalerta.com.br\/index.php\/wp-json\/wp\/v2\/categories?post=47361"},{"taxonomy":"post_tag","embeddable":true,"href":"https:\/\/www.portalalerta.com.br\/index.php\/wp-json\/wp\/v2\/tags?post=47361"}],"curies":[{"name":"wp","href":"https:\/\/api.w.org\/{rel}","templated":true}]}}