{"id":47364,"date":"2023-02-15T07:00:00","date_gmt":"2023-02-15T10:00:00","guid":{"rendered":"https:\/\/www.portalalerta.com.br\/?p=47364"},"modified":"2023-02-15T00:20:17","modified_gmt":"2023-02-15T03:20:17","slug":"secretaria-municipal-de-saude-de-ribeira-do-pombal-ba-reedita-o-janeiro-branco","status":"publish","type":"post","link":"https:\/\/www.portalalerta.com.br\/index.php\/2023\/02\/15\/secretaria-municipal-de-saude-de-ribeira-do-pombal-ba-reedita-o-janeiro-branco\/","title":{"rendered":"Secretaria Municipal de Sa\u00fade de Ribeira do Pombal-BA reedita o \u201cJaneiro Branco\u201d"},"content":{"rendered":"\n<p>A Secretaria de Sa\u00fade de Ribeira do Pombal-BA, realizou atividades em pra\u00e7a p\u00fablica para chamar aten\u00e7\u00e3o sobre a import\u00e2ncia da sa\u00fade mental e do bem-estar. Trata-se da Campanha Janeiro Branco que acontece anualmente e pretende estimular uma cultura de sa\u00fade mental e do auto cuidado.<\/p>\n\n\n\n<!--more-->\n\n\n\n<p>O evento foi originalmente marcado para o \u00faltimo dia do m\u00eas de janeiro, que \u00e9 quando o tema \u00e9 discutido, mas por se tratar de atividades ao ar livre e como na \u00e9poca estava chovendo, a secretaria de sa\u00fade resolveu adiar e por isso transferiu para a \u00faltima ter\u00e7a, 14 de fevereiro.<\/p>\n\n\n<div class=\"wp-block-image\">\n<figure class=\"alignleft size-full\"><img fetchpriority=\"high\" decoding=\"async\" width=\"400\" height=\"300\" src=\"https:\/\/www.portalalerta.com.br\/wp-content\/uploads\/2023\/01\/Auto-Escola-Sonho.jpg\" alt=\"\" class=\"wp-image-47083\" srcset=\"https:\/\/www.portalalerta.com.br\/wp-content\/uploads\/2023\/01\/Auto-Escola-Sonho.jpg 400w, https:\/\/www.portalalerta.com.br\/wp-content\/uploads\/2023\/01\/Auto-Escola-Sonho-320x240.jpg 320w\" sizes=\"(max-width: 400px) 100vw, 400px\" \/><\/figure><\/div>\n\n\n<p>O evento aconteceu na Pra\u00e7a da Juventude, onde disponibilizou atividades f\u00edsicas e culturais destinada a todos os p\u00fablicos, como aulas Tai Chi Chuan (Relaxamento e Respira\u00e7\u00e3o), Aero Dance e Zumba Fitness, al\u00e9m de terapias orientais como Auriculoterapia, Massagem Chinesa, Laserterapia, New Sentai, Ventosa Terapia e Aromaterapia.<\/p>\n\n\n\n<p>A Secretaria de Sa\u00fade explica que a campanha \u00e9 realizada no m\u00eas de janeiro por se tratar de uma \u00e9poca do ano quando as pessoas est\u00e3o prop\u00edcias a reflex\u00e3o e a formula\u00e7\u00e3o de planos ou avalia\u00e7\u00e3o de vida. A campanha pretende focar em mecanismos de preven\u00e7\u00e3o de poss\u00edveis transtorno como ansiedade, depress\u00e3o, entre outros.<\/p>\n\n\n\n<p><em>Fonte: SECOM\/ Ribeira do Pombal<\/em><\/p>\n","protected":false},"excerpt":{"rendered":"<p>A Secretaria de Sa\u00fade de Ribeira do Pombal-BA, realizou atividades em pra\u00e7a p\u00fablica para chamar aten\u00e7\u00e3o sobre a import\u00e2ncia da sa\u00fade mental e do bem-estar. Trata-se da Campanha Janeiro Branco que acontece anualmente e pretende estimular uma cultura de sa\u00fade mental e do auto cuidado.<\/p>\n","protected":false},"author":2,"featured_media":47365,"comment_status":"open","ping_status":"open","sticky":false,"template":"","format":"standard","meta":{"om_disable_all_campaigns":false,"_monsterinsights_skip_tracking":false,"_monsterinsights_sitenote_active":false,"_monsterinsights_sitenote_note":"","_monsterinsights_sitenote_category":0,"footnotes":""},"categories":[70,69,32,3,19],"tags":[100,71,48,4179,75,4178,4180,129,107,4181,132,5911,230,3828,106,203,120,51,109,88,47,61,433,111,190],"class_list":["post-47364","post","type-post","status-publish","format-standard","has-post-thumbnail","hentry","category-destaques","category-noticias2","category-regiao","category-ribeira-do-pombal","category-saude","tag-adustina","tag-antas","tag-araci","tag-banzae-2","tag-cicero-dantas","tag-cipo-2","tag-crisopolis-2","tag-euclides-da-cunha","tag-fatima","tag-heliopolis-2","tag-itapicuru","tag-janeiro-branco","tag-jeremoabo","tag-noticias","tag-nova-soure","tag-novo-triunfo","tag-olindina","tag-paripiranga","tag-quijingue","tag-ribeira-do-amparo","tag-ribeira-do-pombal","tag-saude","tag-secretaria-de-saude","tag-sitio-do-quinto","tag-tucano"],"aioseo_notices":[],"_links":{"self":[{"href":"https:\/\/www.portalalerta.com.br\/index.php\/wp-json\/wp\/v2\/posts\/47364","targetHints":{"allow":["GET"]}}],"collection":[{"href":"https:\/\/www.portalalerta.com.br\/index.php\/wp-json\/wp\/v2\/posts"}],"about":[{"href":"https:\/\/www.portalalerta.com.br\/index.php\/wp-json\/wp\/v2\/types\/post"}],"author":[{"embeddable":true,"href":"https:\/\/www.portalalerta.com.br\/index.php\/wp-json\/wp\/v2\/users\/2"}],"replies":[{"embeddable":true,"href":"https:\/\/www.portalalerta.com.br\/index.php\/wp-json\/wp\/v2\/comments?post=47364"}],"version-history":[{"count":1,"href":"https:\/\/www.portalalerta.com.br\/index.php\/wp-json\/wp\/v2\/posts\/47364\/revisions"}],"predecessor-version":[{"id":47366,"href":"https:\/\/www.portalalerta.com.br\/index.php\/wp-json\/wp\/v2\/posts\/47364\/revisions\/47366"}],"wp:featuredmedia":[{"embeddable":true,"href":"https:\/\/www.portalalerta.com.br\/index.php\/wp-json\/wp\/v2\/media\/47365"}],"wp:attachment":[{"href":"https:\/\/www.portalalerta.com.br\/index.php\/wp-json\/wp\/v2\/media?parent=47364"}],"wp:term":[{"taxonomy":"category","embeddable":true,"href":"https:\/\/www.portalalerta.com.br\/index.php\/wp-json\/wp\/v2\/categories?post=47364"},{"taxonomy":"post_tag","embeddable":true,"href":"https:\/\/www.portalalerta.com.br\/index.php\/wp-json\/wp\/v2\/tags?post=47364"}],"curies":[{"name":"wp","href":"https:\/\/api.w.org\/{rel}","templated":true}]}}