{"id":47367,"date":"2023-02-15T07:01:00","date_gmt":"2023-02-15T10:01:00","guid":{"rendered":"https:\/\/www.portalalerta.com.br\/?p=47367"},"modified":"2023-02-15T00:34:06","modified_gmt":"2023-02-15T03:34:06","slug":"cnj-afasta-do-cargo-juiza-que-atacou-ministros-do-stf","status":"publish","type":"post","link":"https:\/\/www.portalalerta.com.br\/index.php\/2023\/02\/15\/cnj-afasta-do-cargo-juiza-que-atacou-ministros-do-stf\/","title":{"rendered":"CNJ afasta do cargo ju\u00edza que atacou ministros do STF"},"content":{"rendered":"\n<p>O Conselho Nacional de Justi\u00e7a (CNJ) determinou, nesta ter\u00e7a-feira, o afastamento tempor\u00e1rio da ju\u00edza Ludmila Lins Grilo, do Tribunal de Justi\u00e7a de Minas Gerais (TJ-MG), e a abertura de dois processos administrativos disciplinares. As decis\u00f5es foram tomadas por unanimidade em dois procedimentos diferentes: um sobre publica\u00e7\u00f5es pol\u00edticas da magistrada em redes sociais e outro sobre o fato de Grilo n\u00e3o comparecer presencialmente \u00e0 Vara Criminal e da Inf\u00e2ncia e Juventude de Una\u00ed (MG), onde trabalha.<\/p>\n\n\n\n<!--more-->\n\n\n\n<p>Na mira: Vinte ju\u00edzes s\u00e3o alvos do CNJ por fake news e campanha nas redes<\/p>\n\n\n\n<p>Desinforma\u00e7\u00e3o: CNJ prev\u00ea puni\u00e7\u00e3o para juiz que fizer post nas redes contra urnas eletr\u00f4nicas<\/p>\n\n\n\n<p>Entre as postagens que motivaram a decis\u00e3o, est\u00e3o cr\u00edticas a ministros do Supremo Tribunal Federal (STF) e a uma decis\u00e3o da Justi\u00e7a Eleitoral, e a divulga\u00e7\u00e3o de um canal do blogueiro Allan dos Santos, que teve a pris\u00e3o decretada pelo STF.<\/p>\n\n\n<div class=\"wp-block-image\">\n<figure class=\"alignleft size-large is-resized\"><img fetchpriority=\"high\" decoding=\"async\" src=\"https:\/\/www.portalalerta.com.br\/wp-content\/uploads\/2023\/01\/Real-Volta-as-Aulas-2023-816x1024.jpeg\" alt=\"\" class=\"wp-image-46862\" width=\"440\" height=\"552\"\/><\/figure><\/div>\n\n\n<p>O relator do caso foi o corregedor nacional de Justi\u00e7a, ministro Luis Felipe Salom\u00e3o, que afirmou que as publica\u00e7\u00f5es em redes sociais s\u00e3o &#8220;incompat\u00edveis&#8221; com a posi\u00e7\u00e3o de ju\u00edza e que Grilo &#8220;n\u00e3o cumpre seus deveres b\u00e1sicos&#8221; e agiu com &#8220;total desleixo&#8221; ao n\u00e3o trabalhar presencialmente.<\/p>\n\n\n\n<p>\u2014 <strong><em>N\u00e3o me parece recomend\u00e1vel a sua perman\u00eancia na fun\u00e7\u00e3o, diante do que se viu aqui, dos fatos apurados, e da pr\u00f3pria sustenta\u00e7\u00e3o que a ju\u00edza fez na tribuna<\/em><\/strong> \u2014 afirmou Salom\u00e3o.<\/p>\n\n\n\n<p>Malu Gaspar: Ap\u00f3s contrariar STF e autorizar ato golpista em Minas, juiz \u00e9 afastado do cargo pelo CNJ<\/p>\n\n\n\n<p>Em defesa apresentada na sess\u00e3o, Grilo afirmou que n\u00e3o trabalhava presencialmente devido a amea\u00e7as de morte, que teriam sido confirmadas pelo Gabinete de Seguran\u00e7a Institucional do TJ-MG. Al\u00e9m disso, negou que as publica\u00e7\u00f5es citadas tivessem teor pol\u00edtico.<\/p>\n\n\n\n<p>\u2014 <strong><em>Eu j\u00e1 era v\u00edtima de uma situa\u00e7\u00e3o de amea\u00e7a de morte, e me transformei em v\u00edtima de assassinato de reputa\u00e7\u00e3o promovido institucionalmente. Ou seja, tanto o CNJ como o TJ-MG demonstraram absoluto desprezo e no m\u00ednimo indiferen\u00e7a \u00e0 minha integridade f\u00edsica e \u00e0 minha vida<\/em><\/strong> \u2014 afirmou.<\/p>\n\n\n\n<p>Grilo fez cr\u00edticas \u00e0 condu\u00e7\u00e3o do processo, o que levou aos demais conselheiros a defenderam a atua\u00e7\u00e3o de Salom\u00e3o como relator do procesos. A presidente do CNJ e do STF, ministra Rosa Weber, falou em &#8220;respeito&#8221; ao conselho.<\/p>\n\n\n\n<p>\u2014 <strong><em>Ver o ataque que se faz e o desrespeito com que se trata o CNJ me abala, sim, at\u00e9 porque eu sou presidente do \u00f3rg\u00e3o. Mas eu entendo que no momento n\u00f3s temos que manter a nossa serenidade, justamente para examinar todos esses fatos que foram trazidos pelo nosso corregedor nacional de Justi\u00e7a com tanta isen\u00e7\u00e3o<\/em><\/strong>.<\/p>\n\n\n\n<p><strong>Outros magistrados investigados<\/strong><\/p>\n\n\n\n<p>Como o GLOBO mostrou, al\u00e9m de Grilo outros 19 ju\u00edzes e desembargadores s\u00e3o alvos de procedimentos no CNJ por manifesta\u00e7\u00f5es pol\u00edticas. Desses, 11 tiveram as redes sociais bloqueadas, incluindo Grilo.<\/p>\n\n\n\n<p>Antes do segundo turno: Conselhos da Justi\u00e7a e do MP j\u00e1 investigavam ao menos 11 ju\u00edzes e promotores por manifesta\u00e7\u00f5es pol\u00edticas<\/p>\n\n\n\n<p>A magistrada do TJ-MG passou a ser investigada em setembro do ano passado por <strong><em>\u201cconduta nas redes sociais incompat\u00edvel com seus deveres funcionais\u201d<\/em><\/strong>. Em uma de suas manifesta\u00e7\u00f5es, escreveu que <strong><em>&#8220;ato autorit\u00e1rio \u00e9 juiz abrir inqu\u00e9rito e figurar como v\u00edtima, investigador e julgador ao mesmo tempo&#8221;<\/em><\/strong>, fazendo refer\u00eancia ao inqu\u00e9rito das fake news, em andamento no STF.<\/p>\n\n\n\n<p>Em sua conta no Twitter, que era seguida por mais de 300 mil pessoas quando foi suspensa, a Grilo tamb\u00e9m compartilhou uma postagem com o t\u00edtulo <strong><em>\u201cOs perseguidores-gerais da Rep\u00fablica do Brasil\u201d e uma montagem com fotos dos ministros Lu\u00eds Roberto Barroso e Alexandre de Moraes, ambos do STF. Tamb\u00e9m pesa sobre ela a \u201caparente tentativa de auxiliar\u201d<\/em><\/strong> o blogueiro bolsonarista Allan dos Santos, alvo de inqu\u00e9ritos por disseminar desinforma\u00e7\u00e3o e atacar integrantes da Corte. Em outro momento, a ju\u00edza chamou de \u201cuma das maiores bizarrices da legisla\u00e7\u00e3o eleitoral\u201d o motivo que levou a uma busca e apreens\u00e3o realizada na casa do ex-juiz Sergio Moro quando ele disputava uma vaga ao Senado.<\/p>\n\n\n\n<p><em>Fonte: Yahoo Not\u00edcias<\/em><\/p>\n","protected":false},"excerpt":{"rendered":"<p>O Conselho Nacional de Justi\u00e7a (CNJ) determinou, nesta ter\u00e7a-feira, o afastamento tempor\u00e1rio da ju\u00edza Ludmila Lins Grilo, do Tribunal de Justi\u00e7a de Minas Gerais (TJ-MG), e a abertura de dois processos administrativos disciplinares. As decis\u00f5es foram tomadas por unanimidade em dois procedimentos diferentes: um sobre publica\u00e7\u00f5es pol\u00edticas da magistrada em redes sociais e outro sobre &hellip;<\/p>\n","protected":false},"author":2,"featured_media":47368,"comment_status":"open","ping_status":"open","sticky":false,"template":"","format":"standard","meta":{"om_disable_all_campaigns":false,"_monsterinsights_skip_tracking":false,"_monsterinsights_sitenote_active":false,"_monsterinsights_sitenote_note":"","_monsterinsights_sitenote_category":0,"footnotes":""},"categories":[34,70,69],"tags":[100,1120,71,48,4179,93,75,4178,566,4180,129,107,4181,132,230,5046,3828,106,203,120,51,109,88,47,111,190],"class_list":["post-47367","post","type-post","status-publish","format-standard","has-post-thumbnail","hentry","category-brasil","category-destaques","category-noticias2","tag-adustina","tag-afastamento","tag-antas","tag-araci","tag-banzae-2","tag-brasil","tag-cicero-dantas","tag-cipo-2","tag-cnj","tag-crisopolis-2","tag-euclides-da-cunha","tag-fatima","tag-heliopolis-2","tag-itapicuru","tag-jeremoabo","tag-juiza-2","tag-noticias","tag-nova-soure","tag-novo-triunfo","tag-olindina","tag-paripiranga","tag-quijingue","tag-ribeira-do-amparo","tag-ribeira-do-pombal","tag-sitio-do-quinto","tag-tucano"],"aioseo_notices":[],"_links":{"self":[{"href":"https:\/\/www.portalalerta.com.br\/index.php\/wp-json\/wp\/v2\/posts\/47367","targetHints":{"allow":["GET"]}}],"collection":[{"href":"https:\/\/www.portalalerta.com.br\/index.php\/wp-json\/wp\/v2\/posts"}],"about":[{"href":"https:\/\/www.portalalerta.com.br\/index.php\/wp-json\/wp\/v2\/types\/post"}],"author":[{"embeddable":true,"href":"https:\/\/www.portalalerta.com.br\/index.php\/wp-json\/wp\/v2\/users\/2"}],"replies":[{"embeddable":true,"href":"https:\/\/www.portalalerta.com.br\/index.php\/wp-json\/wp\/v2\/comments?post=47367"}],"version-history":[{"count":1,"href":"https:\/\/www.portalalerta.com.br\/index.php\/wp-json\/wp\/v2\/posts\/47367\/revisions"}],"predecessor-version":[{"id":47369,"href":"https:\/\/www.portalalerta.com.br\/index.php\/wp-json\/wp\/v2\/posts\/47367\/revisions\/47369"}],"wp:featuredmedia":[{"embeddable":true,"href":"https:\/\/www.portalalerta.com.br\/index.php\/wp-json\/wp\/v2\/media\/47368"}],"wp:attachment":[{"href":"https:\/\/www.portalalerta.com.br\/index.php\/wp-json\/wp\/v2\/media?parent=47367"}],"wp:term":[{"taxonomy":"category","embeddable":true,"href":"https:\/\/www.portalalerta.com.br\/index.php\/wp-json\/wp\/v2\/categories?post=47367"},{"taxonomy":"post_tag","embeddable":true,"href":"https:\/\/www.portalalerta.com.br\/index.php\/wp-json\/wp\/v2\/tags?post=47367"}],"curies":[{"name":"wp","href":"https:\/\/api.w.org\/{rel}","templated":true}]}}