{"id":47370,"date":"2023-02-15T07:02:00","date_gmt":"2023-02-15T10:02:00","guid":{"rendered":"https:\/\/www.portalalerta.com.br\/?p=47370"},"modified":"2023-02-15T00:44:13","modified_gmt":"2023-02-15T03:44:13","slug":"dois-homens-sofrem-tentativa-de-homicidio-em-araci-ba","status":"publish","type":"post","link":"https:\/\/www.portalalerta.com.br\/index.php\/2023\/02\/15\/dois-homens-sofrem-tentativa-de-homicidio-em-araci-ba\/","title":{"rendered":"Dois homens sofrem tentativa de homic\u00eddio em Araci-BA"},"content":{"rendered":"\n<p>No \u00faltimo s\u00e1bado (11), dois homens, um de 27 e outro de 18 anos, sofreram uma tentativa de homic\u00eddio em Araci, na regi\u00e3o sisaleira da Bahia.<\/p>\n\n\n\n<!--more-->\n\n\n\n<p>De acordo com policiais militares, a guarni\u00e7\u00e3o foi informada que duas pessoas deram entrada na UPA (Unidade de Pronto Atendimento), v\u00edtimas de disparos de arma de fogo. Em seguida os policiais se dirigiram at\u00e9 o local, confirmando o fato. Ainda segundo a PM, uma das v\u00edtimas afirmou que, ao chegar na rua Tidinho Pinheiro, apareceram dois homens armados e efetuaram disparos que o atingiu nas costas. A outra v\u00edtima foi atingida nas n\u00e1degas. Ambos n\u00e3o correm risco de morrer.<\/p>\n\n\n\n<p>Ap\u00f3s colherem as informa\u00e7\u00f5es, os policiais realizaram buscas na regi\u00e3o, por\u00e9m os autores n\u00e3o foram encontrados.<\/p>\n\n\n\n<p><em>Fonte: A Voz do Campo<\/em><\/p>\n","protected":false},"excerpt":{"rendered":"<p>No \u00faltimo s\u00e1bado (11), dois homens, um de 27 e outro de 18 anos, sofreram uma tentativa de homic\u00eddio em Araci, na regi\u00e3o sisaleira da Bahia.<\/p>\n","protected":false},"author":2,"featured_media":3247,"comment_status":"open","ping_status":"open","sticky":false,"template":"","format":"standard","meta":{"om_disable_all_campaigns":false,"_monsterinsights_skip_tracking":false,"_monsterinsights_sitenote_active":false,"_monsterinsights_sitenote_note":"","_monsterinsights_sitenote_category":0,"footnotes":""},"categories":[41,70,69,32,22],"tags":[100,71,48,4179,75,4178,4180,375,129,107,393,4181,132,230,3828,106,203,120,51,109,88,47,111,4054,190],"class_list":["post-47370","post","type-post","status-publish","format-standard","has-post-thumbnail","hentry","category-araci","category-destaques","category-noticias2","category-regiao","category-seguranca","tag-adustina","tag-antas","tag-araci","tag-banzae-2","tag-cicero-dantas","tag-cipo-2","tag-crisopolis-2","tag-disparos-de-arma-de-fogo","tag-euclides-da-cunha","tag-fatima","tag-feridos","tag-heliopolis-2","tag-itapicuru","tag-jeremoabo","tag-noticias","tag-nova-soure","tag-novo-triunfo","tag-olindina","tag-paripiranga","tag-quijingue","tag-ribeira-do-amparo","tag-ribeira-do-pombal","tag-sitio-do-quinto","tag-tentativas-de-homicidio","tag-tucano"],"aioseo_notices":[],"_links":{"self":[{"href":"https:\/\/www.portalalerta.com.br\/index.php\/wp-json\/wp\/v2\/posts\/47370","targetHints":{"allow":["GET"]}}],"collection":[{"href":"https:\/\/www.portalalerta.com.br\/index.php\/wp-json\/wp\/v2\/posts"}],"about":[{"href":"https:\/\/www.portalalerta.com.br\/index.php\/wp-json\/wp\/v2\/types\/post"}],"author":[{"embeddable":true,"href":"https:\/\/www.portalalerta.com.br\/index.php\/wp-json\/wp\/v2\/users\/2"}],"replies":[{"embeddable":true,"href":"https:\/\/www.portalalerta.com.br\/index.php\/wp-json\/wp\/v2\/comments?post=47370"}],"version-history":[{"count":1,"href":"https:\/\/www.portalalerta.com.br\/index.php\/wp-json\/wp\/v2\/posts\/47370\/revisions"}],"predecessor-version":[{"id":47371,"href":"https:\/\/www.portalalerta.com.br\/index.php\/wp-json\/wp\/v2\/posts\/47370\/revisions\/47371"}],"wp:featuredmedia":[{"embeddable":true,"href":"https:\/\/www.portalalerta.com.br\/index.php\/wp-json\/wp\/v2\/media\/3247"}],"wp:attachment":[{"href":"https:\/\/www.portalalerta.com.br\/index.php\/wp-json\/wp\/v2\/media?parent=47370"}],"wp:term":[{"taxonomy":"category","embeddable":true,"href":"https:\/\/www.portalalerta.com.br\/index.php\/wp-json\/wp\/v2\/categories?post=47370"},{"taxonomy":"post_tag","embeddable":true,"href":"https:\/\/www.portalalerta.com.br\/index.php\/wp-json\/wp\/v2\/tags?post=47370"}],"curies":[{"name":"wp","href":"https:\/\/api.w.org\/{rel}","templated":true}]}}