{"id":47372,"date":"2023-02-15T07:03:00","date_gmt":"2023-02-15T10:03:00","guid":{"rendered":"https:\/\/www.portalalerta.com.br\/?p=47372"},"modified":"2023-02-15T00:53:16","modified_gmt":"2023-02-15T03:53:16","slug":"lula-anuncia-em-santo-amaro-a-entrega-de-2-745-moradias-do-minha-casa-minha-vida","status":"publish","type":"post","link":"https:\/\/www.portalalerta.com.br\/index.php\/2023\/02\/15\/lula-anuncia-em-santo-amaro-a-entrega-de-2-745-moradias-do-minha-casa-minha-vida\/","title":{"rendered":"Lula anuncia em Santo Amaro a entrega de 2.745 moradias do Minha Casa Minha Vida"},"content":{"rendered":"\n<p>Cerim\u00f4nia desta segunda teve a presen\u00e7a e participa\u00e7\u00e3o do senador Jaques Wagner (PT) e do ministro da Casa Civil e ex-governador da Bahia Rui Costa (PT)<\/p>\n\n\n\n<!--more-->\n\n\n\n<p>O presidente Lula anunciou nesta ter\u00e7a-feira (14), em Santo Amaro, no Rec\u00f4ncavo Baiano, a entrega de 2.745 moradias em 9 munic\u00edpios do Brasil. As entregas foram iniciadas no munic\u00edpio baiano, com entrega de 684 unidades em dois conjuntos habitacionais, al\u00e9m de mais 600 unidades em Minas Gerais, tamb\u00e9m com dois residenciais. As entregas em outros estados acontecer\u00e3o at\u00e9 o final da semana.<\/p>\n\n\n<div class=\"wp-block-image\">\n<figure class=\"alignleft size-full is-resized\"><img fetchpriority=\"high\" decoding=\"async\" src=\"https:\/\/www.portalalerta.com.br\/wp-content\/uploads\/2021\/04\/ELAB.jpg\" alt=\"\" class=\"wp-image-34795\" width=\"419\" height=\"334\" srcset=\"https:\/\/www.portalalerta.com.br\/wp-content\/uploads\/2021\/04\/ELAB.jpg 1000w, https:\/\/www.portalalerta.com.br\/wp-content\/uploads\/2021\/04\/ELAB-300x240.jpg 300w, https:\/\/www.portalalerta.com.br\/wp-content\/uploads\/2021\/04\/ELAB-768x614.jpg 768w, https:\/\/www.portalalerta.com.br\/wp-content\/uploads\/2021\/04\/ELAB-183x146.jpg 183w, https:\/\/www.portalalerta.com.br\/wp-content\/uploads\/2021\/04\/ELAB-50x40.jpg 50w, https:\/\/www.portalalerta.com.br\/wp-content\/uploads\/2021\/04\/ELAB-94x75.jpg 94w\" sizes=\"(max-width: 419px) 100vw, 419px\" \/><\/figure><\/div>\n\n\n<p>A cerim\u00f4nia desta segunda teve a presen\u00e7a e participa\u00e7\u00e3o do senador Jaques Wagner (PT), do ministro da Casa Civil e ex-governador da Bahia Rui Costa (PT), do governador da Bahia Jer\u00f4nimo Rodrigues (PT) e do vice-governador Geraldo J\u00fanior (MDB).&nbsp;<\/p>\n\n\n\n<p><strong><em>&#8220;Quem n\u00e3o tem casa, tem pressa. Quem n\u00e3o tem \u00e1gua, tem pressa. Quem n\u00e3o tem escola, tem pressa. Aqui na Bahia, o senhor n\u00e3o precisa se ocupar em pedir, d\u00ea a ordem, que sua equipe est\u00e1 pronta, mas n\u00f3s tamb\u00e9m estamos&#8221;,<\/em><\/strong> declarou Jer\u00f4nimo Rodrigues. &nbsp;<\/p>\n\n\n\n<p>De acordo com o governo federal, a meta \u00e9 contratar, at\u00e9 2026, 2 milh\u00f5es de moradias pelo pa\u00eds. Uma das novidades \u00e9 o retorno da Faixa 1 do Minha Casa Minha Vida, agora voltada para fam\u00edlias com renda bruta de at\u00e9 R$ 2.640. Nos \u00faltimos 4 anos, a popula\u00e7\u00e3o com essa faixa de renda foi exclu\u00edda do programa.<\/p>\n\n\n\n<p>A ideia agora \u00e9 de que at\u00e9 50% das unidades financiadas e subsidiadas sejam destinadas a esse p\u00fablico. Tamb\u00e9m acontecer\u00e1 a amplia\u00e7\u00e3o da inclus\u00e3o da loca\u00e7\u00e3o social, possibilitando a aquisi\u00e7\u00e3o de moradia urbana usada e a inclus\u00e3o de fam\u00edlias em situa\u00e7\u00e3o de rua no programa.<\/p>\n\n\n\n<p><em>Fonte: Metro1<\/em><\/p>\n","protected":false},"excerpt":{"rendered":"<p>Cerim\u00f4nia desta segunda teve a presen\u00e7a e participa\u00e7\u00e3o do senador Jaques Wagner (PT) e do ministro da Casa Civil e ex-governador da Bahia Rui Costa (PT)<\/p>\n","protected":false},"author":2,"featured_media":47373,"comment_status":"open","ping_status":"open","sticky":false,"template":"","format":"standard","meta":{"om_disable_all_campaigns":false,"_monsterinsights_skip_tracking":false,"_monsterinsights_sitenote_active":false,"_monsterinsights_sitenote_note":"","_monsterinsights_sitenote_category":0,"footnotes":""},"categories":[33,70,69,21],"tags":[100,71,48,54,4179,75,4178,4180,129,107,4181,132,230,303,396,3828,106,203,120,51,199,109,88,47,219,111,190],"class_list":["post-47372","post","type-post","status-publish","format-standard","has-post-thumbnail","hentry","category-bahia","category-destaques","category-noticias2","category-politica","tag-adustina","tag-antas","tag-araci","tag-bahia","tag-banzae-2","tag-cicero-dantas","tag-cipo-2","tag-crisopolis-2","tag-euclides-da-cunha","tag-fatima","tag-heliopolis-2","tag-itapicuru","tag-jeremoabo","tag-lula","tag-minha-casa-minha-vida","tag-noticias","tag-nova-soure","tag-novo-triunfo","tag-olindina","tag-paripiranga","tag-politica","tag-quijingue","tag-ribeira-do-amparo","tag-ribeira-do-pombal","tag-santo-amaro","tag-sitio-do-quinto","tag-tucano"],"aioseo_notices":[],"_links":{"self":[{"href":"https:\/\/www.portalalerta.com.br\/index.php\/wp-json\/wp\/v2\/posts\/47372","targetHints":{"allow":["GET"]}}],"collection":[{"href":"https:\/\/www.portalalerta.com.br\/index.php\/wp-json\/wp\/v2\/posts"}],"about":[{"href":"https:\/\/www.portalalerta.com.br\/index.php\/wp-json\/wp\/v2\/types\/post"}],"author":[{"embeddable":true,"href":"https:\/\/www.portalalerta.com.br\/index.php\/wp-json\/wp\/v2\/users\/2"}],"replies":[{"embeddable":true,"href":"https:\/\/www.portalalerta.com.br\/index.php\/wp-json\/wp\/v2\/comments?post=47372"}],"version-history":[{"count":1,"href":"https:\/\/www.portalalerta.com.br\/index.php\/wp-json\/wp\/v2\/posts\/47372\/revisions"}],"predecessor-version":[{"id":47374,"href":"https:\/\/www.portalalerta.com.br\/index.php\/wp-json\/wp\/v2\/posts\/47372\/revisions\/47374"}],"wp:featuredmedia":[{"embeddable":true,"href":"https:\/\/www.portalalerta.com.br\/index.php\/wp-json\/wp\/v2\/media\/47373"}],"wp:attachment":[{"href":"https:\/\/www.portalalerta.com.br\/index.php\/wp-json\/wp\/v2\/media?parent=47372"}],"wp:term":[{"taxonomy":"category","embeddable":true,"href":"https:\/\/www.portalalerta.com.br\/index.php\/wp-json\/wp\/v2\/categories?post=47372"},{"taxonomy":"post_tag","embeddable":true,"href":"https:\/\/www.portalalerta.com.br\/index.php\/wp-json\/wp\/v2\/tags?post=47372"}],"curies":[{"name":"wp","href":"https:\/\/api.w.org\/{rel}","templated":true}]}}