{"id":47380,"date":"2023-02-15T11:02:00","date_gmt":"2023-02-15T14:02:00","guid":{"rendered":"https:\/\/www.portalalerta.com.br\/?p=47380"},"modified":"2023-02-15T01:26:52","modified_gmt":"2023-02-15T04:26:52","slug":"revista-no-presidio-de-paulo-afonso-apreende-diversos-materiais-ilicitos-incluindo-um-pe-de-maconha","status":"publish","type":"post","link":"https:\/\/www.portalalerta.com.br\/index.php\/2023\/02\/15\/revista-no-presidio-de-paulo-afonso-apreende-diversos-materiais-ilicitos-incluindo-um-pe-de-maconha\/","title":{"rendered":"Revista no Pres\u00eddio de Paulo Afonso apreende diversos materiais il\u00edcitos, incluindo um p\u00e9 de maconha"},"content":{"rendered":"\n<p>Uma opera\u00e7\u00e3o de revista foi realizada no\u00a0Pres\u00eddio Regional de Paulo Afonso-BA\u00a0na manh\u00e3 de ter\u00e7a-feira (14), com a participa\u00e7\u00e3o de Policiais Civis, Penais e Militares, e resultou na apreens\u00e3o de diversos materiais il\u00edcitos. Durante a opera\u00e7\u00e3o, um p\u00e9 de maconha foi encontrado em uma das celas do pres\u00eddio, al\u00e9m de outros objetos proibidos.<\/p>\n\n\n\n<!--more-->\n\n\n\n<p>A revista aconteceu nos\u00a0Pavilh\u00f5es B e C\u00a0do estabelecimento penal e contou com a presen\u00e7a de autoridades e coordenadores da seguran\u00e7a. Segundo informa\u00e7\u00f5es das autoridades, foram encontrados: <strong>35 celulares, 15 carregadores, 875 gramas de subst\u00e2ncia an\u00e1loga \u00e0 maconha, 104 gramas de subst\u00e2ncia an\u00e1loga \u00e0 coca\u00edna, 10 gramas de subst\u00e2ncia an\u00e1loga a crack e uma faca com cabo<\/strong>.<\/p>\n\n\n\n<p>A presen\u00e7a de objetos proibidos nas celas do pres\u00eddio \u00e9 uma grave preocupa\u00e7\u00e3o para as autoridades de seguran\u00e7a p\u00fablica, pois a entrada de materiais il\u00edcitos pode colocar em risco a vida dos detentos e dos agentes de seguran\u00e7a. A revista \u00e9 uma a\u00e7\u00e3o importante para identificar e apreender esses materiais, mas \u00e9 preciso adotar medidas preventivas para evitar a entrada desses objetos no pres\u00eddio.<\/p>\n\n\n\n<p>At\u00e9 o momento, a dire\u00e7\u00e3o do Pres\u00eddio Regional de Paulo Afonso n\u00e3o se manifestou sobre como esses materiais entraram nas celas dos detentos. As autoridades de seguran\u00e7a devem intensificar os esfor\u00e7os para investigar as rotas de entrada desses materiais e adotar medidas para refor\u00e7ar a seguran\u00e7a do pres\u00eddio.<\/p>\n\n\n\n<p>O material apreendido foi entregue \u00e0 Coordena\u00e7\u00e3o de\u00a0Seguran\u00e7a do pres\u00eddio, que ir\u00e1 tomar as provid\u00eancias cab\u00edveis. A a\u00e7\u00e3o de revista faz parte de um esfor\u00e7o cont\u00ednuo das autoridades de seguran\u00e7a para combater a entrada de objetos il\u00edcitos nas unidades prisionais.<\/p>\n\n\n\n<p><em>Fonte: Chico Sabe Tudo<\/em><\/p>\n","protected":false},"excerpt":{"rendered":"<p>Uma opera\u00e7\u00e3o de revista foi realizada no\u00a0Pres\u00eddio Regional de Paulo Afonso-BA\u00a0na manh\u00e3 de ter\u00e7a-feira (14), com a participa\u00e7\u00e3o de Policiais Civis, Penais e Militares, e resultou na apreens\u00e3o de diversos materiais il\u00edcitos. Durante a opera\u00e7\u00e3o, um p\u00e9 de maconha foi encontrado em uma das celas do pres\u00eddio, al\u00e9m de outros objetos proibidos.<\/p>\n","protected":false},"author":2,"featured_media":47382,"comment_status":"open","ping_status":"open","sticky":false,"template":"","format":"standard","meta":{"om_disable_all_campaigns":false,"_monsterinsights_skip_tracking":false,"_monsterinsights_sitenote_active":false,"_monsterinsights_sitenote_note":"","_monsterinsights_sitenote_category":0,"footnotes":""},"categories":[33,70,69,22],"tags":[100,71,48,54,4179,75,4178,4180,129,107,4181,132,230,3828,106,203,120,51,118,268,109,727,88,47,111,190],"class_list":["post-47380","post","type-post","status-publish","format-standard","has-post-thumbnail","hentry","category-bahia","category-destaques","category-noticias2","category-seguranca","tag-adustina","tag-antas","tag-araci","tag-bahia","tag-banzae-2","tag-cicero-dantas","tag-cipo-2","tag-crisopolis-2","tag-euclides-da-cunha","tag-fatima","tag-heliopolis-2","tag-itapicuru","tag-jeremoabo","tag-noticias","tag-nova-soure","tag-novo-triunfo","tag-olindina","tag-paripiranga","tag-paulo-afonso","tag-presidio","tag-quijingue","tag-revista-em-carceragem","tag-ribeira-do-amparo","tag-ribeira-do-pombal","tag-sitio-do-quinto","tag-tucano"],"aioseo_notices":[],"_links":{"self":[{"href":"https:\/\/www.portalalerta.com.br\/index.php\/wp-json\/wp\/v2\/posts\/47380","targetHints":{"allow":["GET"]}}],"collection":[{"href":"https:\/\/www.portalalerta.com.br\/index.php\/wp-json\/wp\/v2\/posts"}],"about":[{"href":"https:\/\/www.portalalerta.com.br\/index.php\/wp-json\/wp\/v2\/types\/post"}],"author":[{"embeddable":true,"href":"https:\/\/www.portalalerta.com.br\/index.php\/wp-json\/wp\/v2\/users\/2"}],"replies":[{"embeddable":true,"href":"https:\/\/www.portalalerta.com.br\/index.php\/wp-json\/wp\/v2\/comments?post=47380"}],"version-history":[{"count":1,"href":"https:\/\/www.portalalerta.com.br\/index.php\/wp-json\/wp\/v2\/posts\/47380\/revisions"}],"predecessor-version":[{"id":47383,"href":"https:\/\/www.portalalerta.com.br\/index.php\/wp-json\/wp\/v2\/posts\/47380\/revisions\/47383"}],"wp:featuredmedia":[{"embeddable":true,"href":"https:\/\/www.portalalerta.com.br\/index.php\/wp-json\/wp\/v2\/media\/47382"}],"wp:attachment":[{"href":"https:\/\/www.portalalerta.com.br\/index.php\/wp-json\/wp\/v2\/media?parent=47380"}],"wp:term":[{"taxonomy":"category","embeddable":true,"href":"https:\/\/www.portalalerta.com.br\/index.php\/wp-json\/wp\/v2\/categories?post=47380"},{"taxonomy":"post_tag","embeddable":true,"href":"https:\/\/www.portalalerta.com.br\/index.php\/wp-json\/wp\/v2\/tags?post=47380"}],"curies":[{"name":"wp","href":"https:\/\/api.w.org\/{rel}","templated":true}]}}