{"id":47384,"date":"2023-02-15T11:03:00","date_gmt":"2023-02-15T14:03:00","guid":{"rendered":"https:\/\/www.portalalerta.com.br\/?p=47384"},"modified":"2023-02-15T01:38:13","modified_gmt":"2023-02-15T04:38:13","slug":"homem-e-preso-com-arma-de-fogo-em-ribeira-do-pombal-ba-3","status":"publish","type":"post","link":"https:\/\/www.portalalerta.com.br\/index.php\/2023\/02\/15\/homem-e-preso-com-arma-de-fogo-em-ribeira-do-pombal-ba-3\/","title":{"rendered":"Homem \u00e9 preso com arma de fogo em Ribeira do Pombal-BA"},"content":{"rendered":"\n<p>Por volta das 14h20 da \u00faltima ter\u00e7a-feira (14), policiais militares do 2\u00ba pelot\u00e3o\/ Ribeira do Pombal-BA, receberam uma den\u00fancia em que afirmava que um homem estava exibindo uma arma de fogo em via p\u00fablica, no referido munic\u00edpio.<\/p>\n\n\n\n<!--more-->\n\n\n\n<p>Os militares passaram a realizar buscas na regi\u00e3o, at\u00e9 o momento em que encontraram o suspeito transitando pela Rua I, bairro Pedro Tib\u00farcio. Durante a abordagem, os policiais encontraram com o rapaz: 01 rev\u00f3lver cal. 38, 01 faca peixeira, e uma quantia de R$ 500,00 em esp\u00e9cie.<\/p>\n\n\n\n<p>Tanto o criminoso, quanto o material apreendido, foram conduzidos e apresentados na Delegacia de Pol\u00edcia Civil da cidade, onde foi lavrado o flagrante.<\/p>\n\n\n\n<p><em>Reda\u00e7\u00e3o: Portal Alerta<\/em><\/p>\n","protected":false},"excerpt":{"rendered":"<p>Por volta das 14h20 da \u00faltima ter\u00e7a-feira (14), policiais militares do 2\u00ba pelot\u00e3o\/ Ribeira do Pombal-BA, receberam uma den\u00fancia em que afirmava que um homem estava exibindo uma arma de fogo em via p\u00fablica, no referido munic\u00edpio.<\/p>\n","protected":false},"author":2,"featured_media":47385,"comment_status":"open","ping_status":"open","sticky":false,"template":"","format":"standard","meta":{"om_disable_all_campaigns":false,"_monsterinsights_skip_tracking":false,"_monsterinsights_sitenote_active":false,"_monsterinsights_sitenote_note":"","_monsterinsights_sitenote_category":0,"footnotes":""},"categories":[70,69,32,3,22],"tags":[100,71,48,4179,75,4178,4180,129,107,4181,132,230,3828,106,203,120,51,83,77,109,88,47,111,190],"class_list":["post-47384","post","type-post","status-publish","format-standard","has-post-thumbnail","hentry","category-destaques","category-noticias2","category-regiao","category-ribeira-do-pombal","category-seguranca","tag-adustina","tag-antas","tag-araci","tag-banzae-2","tag-cicero-dantas","tag-cipo-2","tag-crisopolis-2","tag-euclides-da-cunha","tag-fatima","tag-heliopolis-2","tag-itapicuru","tag-jeremoabo","tag-noticias","tag-nova-soure","tag-novo-triunfo","tag-olindina","tag-paripiranga","tag-porte-ilegal-de-arma-de-fogo","tag-preso","tag-quijingue","tag-ribeira-do-amparo","tag-ribeira-do-pombal","tag-sitio-do-quinto","tag-tucano"],"aioseo_notices":[],"_links":{"self":[{"href":"https:\/\/www.portalalerta.com.br\/index.php\/wp-json\/wp\/v2\/posts\/47384","targetHints":{"allow":["GET"]}}],"collection":[{"href":"https:\/\/www.portalalerta.com.br\/index.php\/wp-json\/wp\/v2\/posts"}],"about":[{"href":"https:\/\/www.portalalerta.com.br\/index.php\/wp-json\/wp\/v2\/types\/post"}],"author":[{"embeddable":true,"href":"https:\/\/www.portalalerta.com.br\/index.php\/wp-json\/wp\/v2\/users\/2"}],"replies":[{"embeddable":true,"href":"https:\/\/www.portalalerta.com.br\/index.php\/wp-json\/wp\/v2\/comments?post=47384"}],"version-history":[{"count":1,"href":"https:\/\/www.portalalerta.com.br\/index.php\/wp-json\/wp\/v2\/posts\/47384\/revisions"}],"predecessor-version":[{"id":47386,"href":"https:\/\/www.portalalerta.com.br\/index.php\/wp-json\/wp\/v2\/posts\/47384\/revisions\/47386"}],"wp:featuredmedia":[{"embeddable":true,"href":"https:\/\/www.portalalerta.com.br\/index.php\/wp-json\/wp\/v2\/media\/47385"}],"wp:attachment":[{"href":"https:\/\/www.portalalerta.com.br\/index.php\/wp-json\/wp\/v2\/media?parent=47384"}],"wp:term":[{"taxonomy":"category","embeddable":true,"href":"https:\/\/www.portalalerta.com.br\/index.php\/wp-json\/wp\/v2\/categories?post=47384"},{"taxonomy":"post_tag","embeddable":true,"href":"https:\/\/www.portalalerta.com.br\/index.php\/wp-json\/wp\/v2\/tags?post=47384"}],"curies":[{"name":"wp","href":"https:\/\/api.w.org\/{rel}","templated":true}]}}