{"id":47388,"date":"2023-02-15T21:10:01","date_gmt":"2023-02-16T00:10:01","guid":{"rendered":"https:\/\/www.portalalerta.com.br\/?p=47388"},"modified":"2023-02-15T21:10:03","modified_gmt":"2023-02-16T00:10:03","slug":"maior-empresa-de-lacteos-do-nordeste-vai-instalar-unidade-em-ribeira-do-pombal-ba","status":"publish","type":"post","link":"https:\/\/www.portalalerta.com.br\/index.php\/2023\/02\/15\/maior-empresa-de-lacteos-do-nordeste-vai-instalar-unidade-em-ribeira-do-pombal-ba\/","title":{"rendered":"Maior empresa de l\u00e1cteos do Nordeste vai instalar unidade em Ribeira do Pombal-BA"},"content":{"rendered":"\n<p>Representantes da empresa Bet\u00e2nia L\u00e1cteos e do Munic\u00edpio de Ribeira do Pombal assinaram nesta quarta-feira (15), um protocolo de inten\u00e7\u00e3o para a instala\u00e7\u00e3o de uma f\u00e1brica de latic\u00ednios na cidade. O documento \u00e9 o resultado de um processo de di\u00e1logo que celebra os interesses m\u00fatuos entre a empresa e o munic\u00edpio.<\/p>\n\n\n\n<!--more-->\n\n\n\n<p>A Bet\u00e2nia L\u00e1cteos, que \u00e9 uma das maiores empresas do setor l\u00e1cteo do Brasil, enxerga em Ribeira do Pombal condi\u00e7\u00f5es apropriadas para a opera\u00e7\u00e3o de mais uma unidade produtora, inclusive j\u00e1 tendo participado da Expo Pombal e desenvolvido atividades na regi\u00e3o. Por sua vez, o munic\u00edpio tem interesse em atrair novos empreendimentos capazes de gerar empregos e divisas.<\/p>\n\n\n<div class=\"wp-block-image\">\n<figure class=\"alignleft size-full\"><img fetchpriority=\"high\" decoding=\"async\" width=\"400\" height=\"300\" src=\"https:\/\/www.portalalerta.com.br\/wp-content\/uploads\/2023\/01\/Auto-Escola-Sonho.jpg\" alt=\"\" class=\"wp-image-47083\" srcset=\"https:\/\/www.portalalerta.com.br\/wp-content\/uploads\/2023\/01\/Auto-Escola-Sonho.jpg 400w, https:\/\/www.portalalerta.com.br\/wp-content\/uploads\/2023\/01\/Auto-Escola-Sonho-320x240.jpg 320w\" sizes=\"(max-width: 400px) 100vw, 400px\" \/><\/figure><\/div>\n\n\n<p>Para a concretiza\u00e7\u00e3o das inten\u00e7\u00f5es, a empresa tem um ano para iniciar as obras e at\u00e9 dois anos para iniciar as atividades na \u00e1rea de 30 mil m\u00b2 que ser\u00e1 doada para esse prop\u00f3sito. Al\u00e9m disso, o munic\u00edpio ser\u00e1 respons\u00e1vel por realizar obras de pavimenta\u00e7\u00e3o e paisagismo, entre outras nos arredores da futura instala\u00e7\u00e3o.<\/p>\n\n\n\n<p>A legisla\u00e7\u00e3o que regulamenta o Polo Industrial de Ribeira do Pombal determina que a Prefeitura n\u00e3o precisa de autoriza\u00e7\u00e3o da C\u00e2mara para concretizar a doa\u00e7\u00e3o e que a partir da quantidade de empregos gerados h\u00e1 uma gradativa redu\u00e7\u00e3o da al\u00edquota do Imposto Sobre Servi\u00e7os (ISS) que ser\u00e1 pago pela empresa.<\/p>\n\n\n\n<p>A cerim\u00f4nia de assinatura do protocolo de inten\u00e7\u00e3o contou com a presen\u00e7a do prefeito Eriksson, do deputado federal Ricardo Maia, secret\u00e1rios e vereadores. A expectativa \u00e9 que a instala\u00e7\u00e3o da f\u00e1brica de latic\u00ednios gere benef\u00edcios econ\u00f4micos e sociais para a regi\u00e3o, criando vagas de empregos e movimentando a economia local.<\/p>\n\n\n\n<p>A expectativa \u00e9 que a instala\u00e7\u00e3o da f\u00e1brica de latic\u00ednios em Ribeira do Pombal gere cerca de 200 empregos entre diretos e indiretos. Essa \u00e9 uma grande oportunidade para a popula\u00e7\u00e3o local que poder\u00e1 se beneficiar com a oferta de novos postos de trabalho na regi\u00e3o.<\/p>\n\n\n\n<p><em>Fonte: Dia a Dia Nordeste<\/em><\/p>\n","protected":false},"excerpt":{"rendered":"<p>Representantes da empresa Bet\u00e2nia L\u00e1cteos e do Munic\u00edpio de Ribeira do Pombal assinaram nesta quarta-feira (15), um protocolo de inten\u00e7\u00e3o para a instala\u00e7\u00e3o de uma f\u00e1brica de latic\u00ednios na cidade. O documento \u00e9 o resultado de um processo de di\u00e1logo que celebra os interesses m\u00fatuos entre a empresa e o munic\u00edpio.<\/p>\n","protected":false},"author":2,"featured_media":47389,"comment_status":"open","ping_status":"open","sticky":false,"template":"","format":"standard","meta":{"om_disable_all_campaigns":false,"_monsterinsights_skip_tracking":false,"_monsterinsights_sitenote_active":false,"_monsterinsights_sitenote_note":"","_monsterinsights_sitenote_category":0,"footnotes":""},"categories":[70,69,32,3],"tags":[100,71,48,4179,5913,75,4178,4180,129,107,4181,1699,132,230,5912,3828,106,203,120,51,109,88,47,111,190],"class_list":["post-47388","post","type-post","status-publish","format-standard","has-post-thumbnail","hentry","category-destaques","category-noticias2","category-regiao","category-ribeira-do-pombal","tag-adustina","tag-antas","tag-araci","tag-banzae-2","tag-betania","tag-cicero-dantas","tag-cipo-2","tag-crisopolis-2","tag-euclides-da-cunha","tag-fatima","tag-heliopolis-2","tag-industria","tag-itapicuru","tag-jeremoabo","tag-leite","tag-noticias","tag-nova-soure","tag-novo-triunfo","tag-olindina","tag-paripiranga","tag-quijingue","tag-ribeira-do-amparo","tag-ribeira-do-pombal","tag-sitio-do-quinto","tag-tucano"],"aioseo_notices":[],"_links":{"self":[{"href":"https:\/\/www.portalalerta.com.br\/index.php\/wp-json\/wp\/v2\/posts\/47388","targetHints":{"allow":["GET"]}}],"collection":[{"href":"https:\/\/www.portalalerta.com.br\/index.php\/wp-json\/wp\/v2\/posts"}],"about":[{"href":"https:\/\/www.portalalerta.com.br\/index.php\/wp-json\/wp\/v2\/types\/post"}],"author":[{"embeddable":true,"href":"https:\/\/www.portalalerta.com.br\/index.php\/wp-json\/wp\/v2\/users\/2"}],"replies":[{"embeddable":true,"href":"https:\/\/www.portalalerta.com.br\/index.php\/wp-json\/wp\/v2\/comments?post=47388"}],"version-history":[{"count":1,"href":"https:\/\/www.portalalerta.com.br\/index.php\/wp-json\/wp\/v2\/posts\/47388\/revisions"}],"predecessor-version":[{"id":47390,"href":"https:\/\/www.portalalerta.com.br\/index.php\/wp-json\/wp\/v2\/posts\/47388\/revisions\/47390"}],"wp:featuredmedia":[{"embeddable":true,"href":"https:\/\/www.portalalerta.com.br\/index.php\/wp-json\/wp\/v2\/media\/47389"}],"wp:attachment":[{"href":"https:\/\/www.portalalerta.com.br\/index.php\/wp-json\/wp\/v2\/media?parent=47388"}],"wp:term":[{"taxonomy":"category","embeddable":true,"href":"https:\/\/www.portalalerta.com.br\/index.php\/wp-json\/wp\/v2\/categories?post=47388"},{"taxonomy":"post_tag","embeddable":true,"href":"https:\/\/www.portalalerta.com.br\/index.php\/wp-json\/wp\/v2\/tags?post=47388"}],"curies":[{"name":"wp","href":"https:\/\/api.w.org\/{rel}","templated":true}]}}