{"id":47410,"date":"2023-02-19T14:08:07","date_gmt":"2023-02-19T17:08:07","guid":{"rendered":"https:\/\/www.portalalerta.com.br\/?p=47410"},"modified":"2023-02-19T14:08:09","modified_gmt":"2023-02-19T17:08:09","slug":"camara-discute-reajuste-salarial-de-professores-de-banzae-ba","status":"publish","type":"post","link":"https:\/\/www.portalalerta.com.br\/index.php\/2023\/02\/19\/camara-discute-reajuste-salarial-de-professores-de-banzae-ba\/","title":{"rendered":"C\u00e2mara discute reajuste salarial de professores de Banza\u00ea-BA"},"content":{"rendered":"\n<p>Estava marcado para a \u00faltima sexta-feira (17), a realiza\u00e7\u00e3o de uma Sess\u00e3o Extraordin\u00e1ria para tratar de dois Projetos de interesse do Executivo de Banza\u00ea. Um desses seria sobre a premia\u00e7\u00e3o de R$ 20.000,00 para a Copa Rural de 2023, o outro, relacionado ao aumento de 14,95%, referente ao Piso Nacional do Magist\u00e9rio. Esse aumento \u00e9 definido pelo Governo Federal. De acordo com a &nbsp;vereadora Sess\u00e9 do Campo do Brito (PL), essa Sess\u00e3o n\u00e3o deveria acontecer.<\/p>\n\n\n\n<!--more-->\n\n\n<div class=\"wp-block-image\">\n<figure class=\"alignleft size-full\"><img fetchpriority=\"high\" decoding=\"async\" width=\"400\" height=\"300\" src=\"https:\/\/www.portalalerta.com.br\/wp-content\/uploads\/2023\/01\/Auto-Escola-Sonho.jpg\" alt=\"\" class=\"wp-image-47083\" srcset=\"https:\/\/www.portalalerta.com.br\/wp-content\/uploads\/2023\/01\/Auto-Escola-Sonho.jpg 400w, https:\/\/www.portalalerta.com.br\/wp-content\/uploads\/2023\/01\/Auto-Escola-Sonho-320x240.jpg 320w\" sizes=\"(max-width: 400px) 100vw, 400px\" \/><\/figure><\/div>\n\n\n<p>Acontece que, o Projeto de Lei apresentado pelo Executivo de Banza\u00ea sobre o Piso do Magist\u00e9rio foi apresentado com pedido <strong>&#8220;Urg\u00eancia Urgent\u00edssima&#8221;<\/strong>, levado ao Legislativo algumas horas antes da Sess\u00e3o Solene de Abertura dos Trabalhos do Poder Legislativo. Em Sess\u00e3o Solene n\u00e3o pode ser votado nada. Vale ressaltar que pedido de Urg\u00eancia Urgent\u00edssima, n\u00e3o obriga o Legislativo votar na mesma hora ou no mesmo dia, ele ter\u00e1 prioridade sobre os demais e tem que ser conclu\u00eddo em 45 dias. O PL dos 14,95%, foi encaminhado para Comiss\u00e3o de Educa\u00e7\u00e3o pudesse analis\u00e1-lo com mais detalhe para saber se estava nos par\u00e2metros normais. A presidente da Comiss\u00e3o de Educa\u00e7\u00e3o &#8211; vereadora Sess\u00e9 &#8211; solicitou ao presidente da Casa &#8211; vereador Roger Enfermeiro &#8211; que fosse feita essa an\u00e1lise do PLC, e ele prontamente aceitou, marcando uma reuni\u00e3o que j\u00e1 aconteceu, com as presen\u00e7as do presidente do SISMUB &#8211; Ant\u00f4nio Jorge -, os vereadores: Fernandes, Roger e Sess\u00e9 e Vin\u00edcius, do Legislativo.<\/p>\n\n\n\n<p>A vereadora Sess\u00e9 do Campo do Brito&nbsp; (PL), Presidente da Comiss\u00e3o de Educa\u00e7\u00e3o, apresentou uma Emenda ao referido PL, as isso n\u00e3o \u00e9 motivo para criar p\u00e2nico aos professores. A Vereadora deseja evitar alguns equ\u00edvocos ocorrido com PL semelhante do ano de 2022, onde o reajuste de 33,24% n\u00e3o foi dado a todos os professores. O aumento integral foi concedido, apenas, aos professores que estavam at\u00e9 o n\u00edvel 1, enquanto que os que tinham licenciatura, P\u00f3s Licenciatura, Mestrados e Doutorado, n\u00e3o tiveram esse aumento como deveria. Com a Emenda apresentada pela Vereadora Sess\u00e9, essa realidade muda, e o aumento salarial ser\u00e1 de acordo com o n\u00edvel de cada um, para tanto foi juntada um anexo, com a referida tabela e seus respectivos sal\u00e1rios.<\/p>\n\n\n\n<p>Diante disso, foi pedido mais um tempo para que o relator da Comiss\u00e3o &#8211; o vereador Fernandes (PT) do Campo do Brito &#8211; estudasse junto com o financeiro da Prefeitura quais impactos que isso poderia causar aos cofres do Munic\u00edpio.<\/p>\n\n\n\n<p><em>Fonte: Montenius<\/em><\/p>\n","protected":false},"excerpt":{"rendered":"<p>Estava marcado para a \u00faltima sexta-feira (17), a realiza\u00e7\u00e3o de uma Sess\u00e3o Extraordin\u00e1ria para tratar de dois Projetos de interesse do Executivo de Banza\u00ea. Um desses seria sobre a premia\u00e7\u00e3o de R$ 20.000,00 para a Copa Rural de 2023, o outro, relacionado ao aumento de 14,95%, referente ao Piso Nacional do Magist\u00e9rio. Esse aumento \u00e9 &hellip;<\/p>\n","protected":false},"author":2,"featured_media":47411,"comment_status":"open","ping_status":"open","sticky":false,"template":"","format":"standard","meta":{"om_disable_all_campaigns":false,"_monsterinsights_skip_tracking":false,"_monsterinsights_sitenote_active":false,"_monsterinsights_sitenote_note":"","_monsterinsights_sitenote_category":0,"footnotes":""},"categories":[39,70,20,69,32],"tags":[100,71,48,49,4179,211,75,4178,4180,129,107,4181,132,230,3828,106,203,120,51,184,109,2197,88,47,715,2107,111,190,135],"class_list":["post-47410","post","type-post","status-publish","format-standard","has-post-thumbnail","hentry","category-banzae","category-destaques","category-educacao","category-noticias2","category-regiao","tag-adustina","tag-antas","tag-araci","tag-banzae","tag-banzae-2","tag-camara-de-vereadores","tag-cicero-dantas","tag-cipo-2","tag-crisopolis-2","tag-euclides-da-cunha","tag-fatima","tag-heliopolis-2","tag-itapicuru","tag-jeremoabo","tag-noticias","tag-nova-soure","tag-novo-triunfo","tag-olindina","tag-paripiranga","tag-professores","tag-quijingue","tag-reajuste-salarial","tag-ribeira-do-amparo","tag-ribeira-do-pombal","tag-sindicato","tag-sismub","tag-sitio-do-quinto","tag-tucano","tag-vereadores"],"aioseo_notices":[],"_links":{"self":[{"href":"https:\/\/www.portalalerta.com.br\/index.php\/wp-json\/wp\/v2\/posts\/47410","targetHints":{"allow":["GET"]}}],"collection":[{"href":"https:\/\/www.portalalerta.com.br\/index.php\/wp-json\/wp\/v2\/posts"}],"about":[{"href":"https:\/\/www.portalalerta.com.br\/index.php\/wp-json\/wp\/v2\/types\/post"}],"author":[{"embeddable":true,"href":"https:\/\/www.portalalerta.com.br\/index.php\/wp-json\/wp\/v2\/users\/2"}],"replies":[{"embeddable":true,"href":"https:\/\/www.portalalerta.com.br\/index.php\/wp-json\/wp\/v2\/comments?post=47410"}],"version-history":[{"count":1,"href":"https:\/\/www.portalalerta.com.br\/index.php\/wp-json\/wp\/v2\/posts\/47410\/revisions"}],"predecessor-version":[{"id":47412,"href":"https:\/\/www.portalalerta.com.br\/index.php\/wp-json\/wp\/v2\/posts\/47410\/revisions\/47412"}],"wp:featuredmedia":[{"embeddable":true,"href":"https:\/\/www.portalalerta.com.br\/index.php\/wp-json\/wp\/v2\/media\/47411"}],"wp:attachment":[{"href":"https:\/\/www.portalalerta.com.br\/index.php\/wp-json\/wp\/v2\/media?parent=47410"}],"wp:term":[{"taxonomy":"category","embeddable":true,"href":"https:\/\/www.portalalerta.com.br\/index.php\/wp-json\/wp\/v2\/categories?post=47410"},{"taxonomy":"post_tag","embeddable":true,"href":"https:\/\/www.portalalerta.com.br\/index.php\/wp-json\/wp\/v2\/tags?post=47410"}],"curies":[{"name":"wp","href":"https:\/\/api.w.org\/{rel}","templated":true}]}}