{"id":47416,"date":"2023-02-19T14:29:52","date_gmt":"2023-02-19T17:29:52","guid":{"rendered":"https:\/\/www.portalalerta.com.br\/?p=47416"},"modified":"2023-02-19T14:29:53","modified_gmt":"2023-02-19T17:29:53","slug":"homem-e-preso-com-facao-apos-deixar-uma-pessoa-ferida-em-ribeira-do-pombal-ba","status":"publish","type":"post","link":"https:\/\/www.portalalerta.com.br\/index.php\/2023\/02\/19\/homem-e-preso-com-facao-apos-deixar-uma-pessoa-ferida-em-ribeira-do-pombal-ba\/","title":{"rendered":"Homem \u00e9 preso com fac\u00e3o, ap\u00f3s deixar uma pessoa ferida em Ribeira do Pombal-BA"},"content":{"rendered":"\n<p>Por volta das 14h da \u00faltima sexta-feira (17), policiais militares do Pelot\u00e3o de Emprego T\u00e1tico Operacional (PETO), se dirigiram at\u00e9 a Rua Engenheiro Osvaldo Brito, centro de Ribeira do Pombal-BA, para apurarem uma den\u00fancia de que um homem portando um fac\u00e3o, tentava ferir outro, na referida localidade.<\/p>\n\n\n\n<!--more-->\n\n\n\n<p>Assim que chegaram ao local, os policiais visualizaram o autor, que tentou fugir, bem como esconder a referida arma, por\u00e9m sem sucesso. M.C.C, 41 anos, foi preso, e conduzido para a Central de Flagrantes em Euclides da Cunha-BA, onde foi liberado ap\u00f3s o registro do Termo Circunstanciado de Ocorr\u00eancia (TCO).<\/p>\n\n\n\n<p>J\u00e1 a v\u00edtima, um rapaz de 32 anos, foi levada ao Hospital Geral Santa Tereza, apresentando um ferimento em um dos bra\u00e7os, causado por um golpe com o referido fac\u00e3o. Na ocasi\u00e3o, o rapaz ficou em observa\u00e7\u00e3o, por\u00e9m sem risco de morte.<\/p>\n\n\n\n<p><em>Reda\u00e7\u00e3o: Portal Alerta<\/em><\/p>\n\n\n\n<p><em>Imagem ilustrativa &nbsp;<\/em><\/p>\n","protected":false},"excerpt":{"rendered":"<p>Por volta das 14h da \u00faltima sexta-feira (17), policiais militares do Pelot\u00e3o de Emprego T\u00e1tico Operacional (PETO), se dirigiram at\u00e9 a Rua Engenheiro Osvaldo Brito, centro de Ribeira do Pombal-BA, para apurarem uma den\u00fancia de que um homem portando um fac\u00e3o, tentava ferir outro, na referida localidade.<\/p>\n","protected":false},"author":2,"featured_media":29393,"comment_status":"open","ping_status":"open","sticky":false,"template":"","format":"standard","meta":{"om_disable_all_campaigns":false,"_monsterinsights_skip_tracking":false,"_monsterinsights_sitenote_active":false,"_monsterinsights_sitenote_note":"","_monsterinsights_sitenote_category":0,"footnotes":""},"categories":[70,69,32,3,22],"tags":[100,71,48,4179,75,4178,4180,129,1014,107,299,4181,132,230,322,3828,106,203,120,51,245,79,77,109,88,47,111,190],"class_list":["post-47416","post","type-post","status-publish","format-standard","has-post-thumbnail","hentry","category-destaques","category-noticias2","category-regiao","category-ribeira-do-pombal","category-seguranca","tag-adustina","tag-antas","tag-araci","tag-banzae-2","tag-cicero-dantas","tag-cipo-2","tag-crisopolis-2","tag-euclides-da-cunha","tag-facao","tag-fatima","tag-ferido","tag-heliopolis-2","tag-itapicuru","tag-jeremoabo","tag-lesao-corporal","tag-noticias","tag-nova-soure","tag-novo-triunfo","tag-olindina","tag-paripiranga","tag-peto","tag-policia-militar","tag-preso","tag-quijingue","tag-ribeira-do-amparo","tag-ribeira-do-pombal","tag-sitio-do-quinto","tag-tucano"],"aioseo_notices":[],"_links":{"self":[{"href":"https:\/\/www.portalalerta.com.br\/index.php\/wp-json\/wp\/v2\/posts\/47416","targetHints":{"allow":["GET"]}}],"collection":[{"href":"https:\/\/www.portalalerta.com.br\/index.php\/wp-json\/wp\/v2\/posts"}],"about":[{"href":"https:\/\/www.portalalerta.com.br\/index.php\/wp-json\/wp\/v2\/types\/post"}],"author":[{"embeddable":true,"href":"https:\/\/www.portalalerta.com.br\/index.php\/wp-json\/wp\/v2\/users\/2"}],"replies":[{"embeddable":true,"href":"https:\/\/www.portalalerta.com.br\/index.php\/wp-json\/wp\/v2\/comments?post=47416"}],"version-history":[{"count":1,"href":"https:\/\/www.portalalerta.com.br\/index.php\/wp-json\/wp\/v2\/posts\/47416\/revisions"}],"predecessor-version":[{"id":47417,"href":"https:\/\/www.portalalerta.com.br\/index.php\/wp-json\/wp\/v2\/posts\/47416\/revisions\/47417"}],"wp:featuredmedia":[{"embeddable":true,"href":"https:\/\/www.portalalerta.com.br\/index.php\/wp-json\/wp\/v2\/media\/29393"}],"wp:attachment":[{"href":"https:\/\/www.portalalerta.com.br\/index.php\/wp-json\/wp\/v2\/media?parent=47416"}],"wp:term":[{"taxonomy":"category","embeddable":true,"href":"https:\/\/www.portalalerta.com.br\/index.php\/wp-json\/wp\/v2\/categories?post=47416"},{"taxonomy":"post_tag","embeddable":true,"href":"https:\/\/www.portalalerta.com.br\/index.php\/wp-json\/wp\/v2\/tags?post=47416"}],"curies":[{"name":"wp","href":"https:\/\/api.w.org\/{rel}","templated":true}]}}