{"id":47418,"date":"2023-02-19T14:36:12","date_gmt":"2023-02-19T17:36:12","guid":{"rendered":"https:\/\/www.portalalerta.com.br\/?p=47418"},"modified":"2023-02-19T14:36:13","modified_gmt":"2023-02-19T17:36:13","slug":"funcionario-de-bell-marques-foi-detido-por-resistir-a-abordagem-policial-diz-policia","status":"publish","type":"post","link":"https:\/\/www.portalalerta.com.br\/index.php\/2023\/02\/19\/funcionario-de-bell-marques-foi-detido-por-resistir-a-abordagem-policial-diz-policia\/","title":{"rendered":"Funcion\u00e1rio de Bell Marques foi detido por resistir a abordagem policial, diz pol\u00edcia"},"content":{"rendered":"\n<p><strong>Epis\u00f3dio ocorreu na apresenta\u00e7\u00e3o do cantor na sexta (17). Corpora\u00e7\u00e3o e assessoria do artista n\u00e3o deram detalhes.<\/strong><\/p>\n\n\n\n<!--more-->\n\n\n\n<p>Funcion\u00e1rio de Bell Marques \u00e9 detido pela pol\u00edcia: &#8216;n\u00e3o precisa maltratar&#8217;, pediu o cantor<\/p>\n\n\n\n<p>O funcion\u00e1rio do cantor Bell Marques,\u00a0conduzido por policiais militares \u00e0 Central de Flagrantes da Pol\u00edcia Civil durante o desfile do cantor no carnaval de Salvador, foi detido pelo crime de resist\u00eancia na noite de sexta-feira (17).<\/p>\n\n\n<div class=\"wp-block-image\">\n<figure class=\"alignleft size-full is-resized\"><img fetchpriority=\"high\" decoding=\"async\" src=\"https:\/\/www.portalalerta.com.br\/wp-content\/uploads\/2021\/04\/ELAB.jpg\" alt=\"\" class=\"wp-image-34795\" width=\"371\" height=\"296\" srcset=\"https:\/\/www.portalalerta.com.br\/wp-content\/uploads\/2021\/04\/ELAB.jpg 1000w, https:\/\/www.portalalerta.com.br\/wp-content\/uploads\/2021\/04\/ELAB-300x240.jpg 300w, https:\/\/www.portalalerta.com.br\/wp-content\/uploads\/2021\/04\/ELAB-768x614.jpg 768w, https:\/\/www.portalalerta.com.br\/wp-content\/uploads\/2021\/04\/ELAB-183x146.jpg 183w, https:\/\/www.portalalerta.com.br\/wp-content\/uploads\/2021\/04\/ELAB-50x40.jpg 50w, https:\/\/www.portalalerta.com.br\/wp-content\/uploads\/2021\/04\/ELAB-94x75.jpg 94w\" sizes=\"(max-width: 371px) 100vw, 371px\" \/><\/figure><\/div>\n\n\n<p>A Pol\u00edcia Militar informou que uma patrulha realizava o policiamento no circuito Barra &#8211; Ondina, na orla de\u00a0Salvador, quando o homem resistiu durante abordagem policial.<\/p>\n\n\n\n<p>As assessorias dos \u00f3rg\u00e3os de seguran\u00e7a p\u00fablica n\u00e3o informaram detalhes do ato praticado pelo funcion\u00e1rio do Bell Maques. A assessoria do artista tamb\u00e9m n\u00e3o informou o que houve at\u00e9 a \u00faltima atualiza\u00e7\u00e3o desta reportagem.<\/p>\n\n\n\n<p>O caso aconteceu no final da apresenta\u00e7\u00e3o que o cantor fazia no circuito Barra-Ondina, na orla da capital baiana. O artista parou o show e pediu para que os policiais n\u00e3o maltratassem o funcion\u00e1rio.\u00a0<\/p>\n\n\n\n<p><strong><em>&#8220;Calma, deixa eu falar uma coisa. Ele trabalha para mim, \u00e9 meu funcion\u00e1rio, um dos melhores que tenho. N\u00e3o fa\u00e7a isso, n\u00e3o. Vou ligar para o coronel [da PM] agora, n\u00e3o fa\u00e7a isso, n\u00e3o precisa&#8221;<\/em><\/strong>, disse o cantor.<\/p>\n\n\n\n<p>Em seguida, Bell disse que n\u00e3o viu o que aconteceu para que o funcion\u00e1rio fosse detido, mas que confiava nele.<\/p>\n\n\n\n<p><strong><em>&#8220;Voc\u00ea vai com ele, pode deixar que depois vou l\u00e1. N\u00e3o precisa maltratar, pelo amor de Deus. Ok, fique tranquilo, n\u00e3o sei o que houve, confio em voc\u00ea, fique tranquilo.&#8221;<\/em><\/strong><\/p>\n\n\n\n<p>Bell ressaltou que a deten\u00e7\u00e3o era papel da pol\u00edcia, mas reiterou o pedido para que os policiais n\u00e3o exagerassem na for\u00e7a. Depois, continuou o show com a m\u00fasica <strong>&#8220;Perdido de Amor&#8221;<\/strong>, de Edson Gomes.<\/p>\n\n\n\n<p><strong><em>&#8220;A pol\u00edcia est\u00e1 cumprindo o papel deles, ok, mas n\u00e3o precisa exagerar. Por favor policial, pode levar ele, \u00e9 uma pessoa muito tranquila, um dos melhores funcion\u00e1rios que tenho. N\u00e3o precisa fazer isso&#8221;<\/em><\/strong>, afirmou.<\/p>\n\n\n\n<p>A assessoria do cantor informou que o funcion\u00e1rio atua no do dia a dia no escrit\u00f3rio do artista, mas n\u00e3o estava em atividade no carnaval. Ainda n\u00e3o h\u00e1 informa\u00e7\u00f5es do que teria acontecido.<\/p>\n\n\n\n<p>A Pol\u00edcia Militar foi procurada para comentar o assunto, mas n\u00e3o respondeu at\u00e9 a \u00faltima atualiza\u00e7\u00e3o desta mat\u00e9ria.<\/p>\n\n\n\n<p><strong>Entenda o que \u00e9 crime de resist\u00eancia<\/strong><\/p>\n\n\n\n<p>De acordo com a advogada criminalista Daniela Portugal, que \u00e9 doutora em direito penal, o crime de resist\u00eancia \u00e9 previsto no artigo 329 do C\u00f3digo Penal, pass\u00edvel de deten\u00e7\u00e3o de dois meses a dois anos. \u00c9 um delito que significa que o suspeito utilizou de viol\u00eancia ou amea\u00e7a diante da execu\u00e7\u00e3o de um ato legal.<\/p>\n\n\n\n<p><strong><em>&#8220;Por exemplo, se um funcion\u00e1rio vai embargar uma obra e a pessoa tenta impedir com viol\u00eancia ou amea\u00e7a, aquele que se op\u00f5e comete o ato de resist\u00eancia&#8221;<\/em><\/strong>, explicou.<\/p>\n\n\n\n<p>Antes de ser liberado, o funcion\u00e1rio de Bell assinou um Termo Circunstanciado de Ocorr\u00eancia, que \u00e9 um recurso utilizado para infra\u00e7\u00f5es de menor potencial ofensivo, como crimes e contraven\u00e7\u00f5es com pena m\u00e1xima menor ou igual a dois anos.<\/p>\n\n\n\n<p>Segundo Daniela Portugal, o termo substitui o auto de pris\u00e3o em flagrante e o inqu\u00e9rito policial. Desse modo, o relato da ocorr\u00eancia \u00e9 registrado e o caso vai direto para o Minist\u00e9rio P\u00fablico, que avaliar\u00e1 se oferece ou n\u00e3o uma den\u00fancia.<\/p>\n\n\n\n<p><strong><em>&#8220;\u00c9 algo que d\u00e1 celeridade&#8221;<\/em><\/strong>, comenta.<\/p>\n\n\n\n<p><em>Fonte: G1<\/em><\/p>\n","protected":false},"excerpt":{"rendered":"<p>Epis\u00f3dio ocorreu na apresenta\u00e7\u00e3o do cantor na sexta (17). Corpora\u00e7\u00e3o e assessoria do artista n\u00e3o deram detalhes.<\/p>\n","protected":false},"author":2,"featured_media":47419,"comment_status":"open","ping_status":"open","sticky":false,"template":"","format":"standard","meta":{"om_disable_all_campaigns":false,"_monsterinsights_skip_tracking":false,"_monsterinsights_sitenote_active":false,"_monsterinsights_sitenote_note":"","_monsterinsights_sitenote_category":0,"footnotes":""},"categories":[70,36,69,22],"tags":[100,71,48,54,4179,5915,448,75,4178,4180,129,107,4181,132,230,3828,106,203,120,51,77,109,88,47,330,111,190],"class_list":["post-47418","post","type-post","status-publish","format-standard","has-post-thumbnail","hentry","category-destaques","category-lazer","category-noticias2","category-seguranca","tag-adustina","tag-antas","tag-araci","tag-bahia","tag-banzae-2","tag-bell-marques","tag-carnaval","tag-cicero-dantas","tag-cipo-2","tag-crisopolis-2","tag-euclides-da-cunha","tag-fatima","tag-heliopolis-2","tag-itapicuru","tag-jeremoabo","tag-noticias","tag-nova-soure","tag-novo-triunfo","tag-olindina","tag-paripiranga","tag-preso","tag-quijingue","tag-ribeira-do-amparo","tag-ribeira-do-pombal","tag-salvador","tag-sitio-do-quinto","tag-tucano"],"aioseo_notices":[],"_links":{"self":[{"href":"https:\/\/www.portalalerta.com.br\/index.php\/wp-json\/wp\/v2\/posts\/47418","targetHints":{"allow":["GET"]}}],"collection":[{"href":"https:\/\/www.portalalerta.com.br\/index.php\/wp-json\/wp\/v2\/posts"}],"about":[{"href":"https:\/\/www.portalalerta.com.br\/index.php\/wp-json\/wp\/v2\/types\/post"}],"author":[{"embeddable":true,"href":"https:\/\/www.portalalerta.com.br\/index.php\/wp-json\/wp\/v2\/users\/2"}],"replies":[{"embeddable":true,"href":"https:\/\/www.portalalerta.com.br\/index.php\/wp-json\/wp\/v2\/comments?post=47418"}],"version-history":[{"count":1,"href":"https:\/\/www.portalalerta.com.br\/index.php\/wp-json\/wp\/v2\/posts\/47418\/revisions"}],"predecessor-version":[{"id":47420,"href":"https:\/\/www.portalalerta.com.br\/index.php\/wp-json\/wp\/v2\/posts\/47418\/revisions\/47420"}],"wp:featuredmedia":[{"embeddable":true,"href":"https:\/\/www.portalalerta.com.br\/index.php\/wp-json\/wp\/v2\/media\/47419"}],"wp:attachment":[{"href":"https:\/\/www.portalalerta.com.br\/index.php\/wp-json\/wp\/v2\/media?parent=47418"}],"wp:term":[{"taxonomy":"category","embeddable":true,"href":"https:\/\/www.portalalerta.com.br\/index.php\/wp-json\/wp\/v2\/categories?post=47418"},{"taxonomy":"post_tag","embeddable":true,"href":"https:\/\/www.portalalerta.com.br\/index.php\/wp-json\/wp\/v2\/tags?post=47418"}],"curies":[{"name":"wp","href":"https:\/\/api.w.org\/{rel}","templated":true}]}}