{"id":47427,"date":"2023-02-20T09:01:00","date_gmt":"2023-02-20T12:01:00","guid":{"rendered":"https:\/\/www.portalalerta.com.br\/?p=47427"},"modified":"2023-02-19T19:35:54","modified_gmt":"2023-02-19T22:35:54","slug":"chuvas-causam-duas-mortes-no-litoral-norte-de-sp-e-governo-diz-que-regiao-deve-ser-evitada","status":"publish","type":"post","link":"https:\/\/www.portalalerta.com.br\/index.php\/2023\/02\/20\/chuvas-causam-duas-mortes-no-litoral-norte-de-sp-e-governo-diz-que-regiao-deve-ser-evitada\/","title":{"rendered":"Chuvas causam duas mortes no litoral norte de SP, e governo diz que regi\u00e3o deve ser evitada"},"content":{"rendered":"\n<p><strong>Temporal interditou estradas e deixou desabrigados. Uma crian\u00e7a morreu em Ubatuba, e uma mulher de 40 anos, em Boi\u00e7ucanga<\/strong><\/p>\n\n\n\n<!--more-->\n\n\n\n<p>A chuva que cai sobre o litoral de S\u00e3o Paulo desde o s\u00e1bado (18), registrando recorde de precipita\u00e7\u00e3o em algumas cidades, j\u00e1 deixou pelo menos duas pessoas mortas, segundo dados dos bombeiros e de prefeituras locais.<\/p>\n\n\n\n<p>Em Ubatuba, um deslizamento matou uma crian\u00e7a de 7 anos. J\u00e1 em S\u00e3o Sebasti\u00e3o, uma mulher de 40 anos morreu no bairro de Boi\u00e7ucanga. A cidade decretou estado de calamidade p\u00fablica e cancelou toda a programa\u00e7\u00e3o do Carnaval.&nbsp;<\/p>\n\n\n<div class=\"wp-block-image\">\n<figure class=\"alignleft size-full is-resized\"><img fetchpriority=\"high\" decoding=\"async\" src=\"https:\/\/www.portalalerta.com.br\/wp-content\/uploads\/2021\/04\/ELAB.jpg\" alt=\"\" class=\"wp-image-34795\" width=\"408\" height=\"326\" srcset=\"https:\/\/www.portalalerta.com.br\/wp-content\/uploads\/2021\/04\/ELAB.jpg 1000w, https:\/\/www.portalalerta.com.br\/wp-content\/uploads\/2021\/04\/ELAB-300x240.jpg 300w, https:\/\/www.portalalerta.com.br\/wp-content\/uploads\/2021\/04\/ELAB-768x614.jpg 768w, https:\/\/www.portalalerta.com.br\/wp-content\/uploads\/2021\/04\/ELAB-183x146.jpg 183w, https:\/\/www.portalalerta.com.br\/wp-content\/uploads\/2021\/04\/ELAB-50x40.jpg 50w, https:\/\/www.portalalerta.com.br\/wp-content\/uploads\/2021\/04\/ELAB-94x75.jpg 94w\" sizes=\"(max-width: 408px) 100vw, 408px\" \/><\/figure><\/div>\n\n\n<p>Esses s\u00e3o apenas os resultados mais graves do temporal, que deixou fam\u00edlias desabrigadas, alagou vias e provocou interdi\u00e7\u00f5es em estradas.&nbsp;Trechos das rodovias Rio-Santos, Mogi-Bertioga e Tamoios foram interditados.<\/p>\n\n\n\n<p>A regi\u00e3o foi visitada na manh\u00e3 deste domingo (19) pelo governador Tarc\u00edsio de Freitas (Republicanos) e por representantes da Defesa Civil. O \u00f3rg\u00e3o recomendou que o deslocamento para a regi\u00e3o seja evitado &#8211; a regi\u00e3o \u00e9 muito procurada por turistas em per\u00edodos como o do Carnaval.&nbsp;<\/p>\n\n\n\n<p>Tarc\u00edsio afirmou ainda que pediu ajuda para o Ex\u00e9rcito para socorrer moradores das regi\u00f5es mais afetadas.<\/p>\n\n\n\n<p>De acordo com o governo de S\u00e3o Paulo, os acumulados de chuva em 24 horas ultrapassaram os 600 mm em alguns pontos do litoral. As \u00e1reas mais atingidas est\u00e3o entre Bertioga (683 mm) e S\u00e3o Sebasti\u00e3o (627 mm) &#8211; \u00edndices que est\u00e3o entre os maiores j\u00e1 registrados no pa\u00eds. Bertioga, a mais atingida, decretou estado de emerg\u00eancia e tamb\u00e9m cancelou a programa\u00e7\u00e3o de Carnaval.<\/p>\n\n\n\n<p><strong>Estradas<\/strong><\/p>\n\n\n\n<p>As fortes chuvas tamb\u00e9m ocasionaram quedas de barreiras nas estradas de acesso \u00e0 regi\u00e3o. Neste momento, as seguintes rodovias est\u00e3o com trechos de interdi\u00e7\u00e3o total e parcial:<\/p>\n\n\n\n<p><strong>Rodovia dos Tamoios:<\/strong>&#8211; Interdi\u00e7\u00e3o total no km 65 litoral e km 82 sentido capital. Equipes invertem os sentidos no trecho para que o fluxo seja liberado ora no sentido litoral, ora no sentido capital<br><br><strong>Rio Santos,<\/strong>&nbsp;com interdi\u00e7\u00e3o total nos seguintes trechos: km 174 &#8211; queda de barreira;&nbsp; km 164+100 &#8211; queda de barreira; km 178 \u2013 alagamento; km 140 ao 142 &#8211; queda de barreira e \u00e1rvores; km 061 &#8211; queda de barreira; km 065 &#8211; queda de barreira; km 097 &#8211; alagamento; km 095 &#8211; queda de barreira; km 099 &#8211; alagamento; km 116 &#8211; queda de barreira<\/p>\n\n\n\n<p>Os trechos com interdi\u00e7\u00e3o parcial da SP-055 s\u00e3o:<br>km 164 &#8211; queda de barreira; km 180 &#8211; queda de \u00e1rvore; km 205 &#8211; alagamento; km 203 &#8211; queda de barreira; km 237 &#8211; queda de barreira; km 066 &#8211; queda de barreira; km 070 &#8211; queda de barreira; km 084 &#8211; queda de \u00e1rvore; km 093 \u2013 alagamento<\/p>\n\n\n\n<p><strong>Mogi-Bertioga:<\/strong>&nbsp; interditada na altura do quil\u00f4metro 82, em Biritiba Mirim, devido ao rompimento de uma tubula\u00e7\u00e3o e consequente eros\u00e3o causados pelas fortes chuvas que atingiram a regi\u00e3o. Tamb\u00e9m h\u00e1 interdi\u00e7\u00e3o total nos km 90 e 91, devido \u00e0 queda de barreira; e no Km 87, devido a uma eros\u00e3o.<\/p>\n\n\n\n<p>Os motoristas est\u00e3o sendo orientados a usar como rotas alternativas as rodovias&nbsp;<strong>Sistema Anchieta\/Imigrantes, Rodovia dos Tamoios e Oswaldo Cruz.<\/strong><\/p>\n\n\n\n<p><em>Fonte: R7<\/em><\/p>\n","protected":false},"excerpt":{"rendered":"<p>Temporal interditou estradas e deixou desabrigados. Uma crian\u00e7a morreu em Ubatuba, e uma mulher de 40 anos, em Boi\u00e7ucanga<\/p>\n","protected":false},"author":2,"featured_media":47428,"comment_status":"open","ping_status":"open","sticky":false,"template":"","format":"standard","meta":{"om_disable_all_campaigns":false,"_monsterinsights_skip_tracking":false,"_monsterinsights_sitenote_active":false,"_monsterinsights_sitenote_note":"","_monsterinsights_sitenote_category":0,"footnotes":""},"categories":[34,70,69],"tags":[100,71,48,4179,93,1977,75,4178,4180,129,107,4181,132,230,439,3828,106,203,120,51,109,88,47,404,111,190],"class_list":["post-47427","post","type-post","status-publish","format-standard","has-post-thumbnail","hentry","category-brasil","category-destaques","category-noticias2","tag-adustina","tag-antas","tag-araci","tag-banzae-2","tag-brasil","tag-chuvas","tag-cicero-dantas","tag-cipo-2","tag-crisopolis-2","tag-euclides-da-cunha","tag-fatima","tag-heliopolis-2","tag-itapicuru","tag-jeremoabo","tag-mortes","tag-noticias","tag-nova-soure","tag-novo-triunfo","tag-olindina","tag-paripiranga","tag-quijingue","tag-ribeira-do-amparo","tag-ribeira-do-pombal","tag-sao-paulo","tag-sitio-do-quinto","tag-tucano"],"aioseo_notices":[],"_links":{"self":[{"href":"https:\/\/www.portalalerta.com.br\/index.php\/wp-json\/wp\/v2\/posts\/47427","targetHints":{"allow":["GET"]}}],"collection":[{"href":"https:\/\/www.portalalerta.com.br\/index.php\/wp-json\/wp\/v2\/posts"}],"about":[{"href":"https:\/\/www.portalalerta.com.br\/index.php\/wp-json\/wp\/v2\/types\/post"}],"author":[{"embeddable":true,"href":"https:\/\/www.portalalerta.com.br\/index.php\/wp-json\/wp\/v2\/users\/2"}],"replies":[{"embeddable":true,"href":"https:\/\/www.portalalerta.com.br\/index.php\/wp-json\/wp\/v2\/comments?post=47427"}],"version-history":[{"count":1,"href":"https:\/\/www.portalalerta.com.br\/index.php\/wp-json\/wp\/v2\/posts\/47427\/revisions"}],"predecessor-version":[{"id":47429,"href":"https:\/\/www.portalalerta.com.br\/index.php\/wp-json\/wp\/v2\/posts\/47427\/revisions\/47429"}],"wp:featuredmedia":[{"embeddable":true,"href":"https:\/\/www.portalalerta.com.br\/index.php\/wp-json\/wp\/v2\/media\/47428"}],"wp:attachment":[{"href":"https:\/\/www.portalalerta.com.br\/index.php\/wp-json\/wp\/v2\/media?parent=47427"}],"wp:term":[{"taxonomy":"category","embeddable":true,"href":"https:\/\/www.portalalerta.com.br\/index.php\/wp-json\/wp\/v2\/categories?post=47427"},{"taxonomy":"post_tag","embeddable":true,"href":"https:\/\/www.portalalerta.com.br\/index.php\/wp-json\/wp\/v2\/tags?post=47427"}],"curies":[{"name":"wp","href":"https:\/\/api.w.org\/{rel}","templated":true}]}}