{"id":47433,"date":"2023-02-20T09:03:00","date_gmt":"2023-02-20T12:03:00","guid":{"rendered":"https:\/\/www.portalalerta.com.br\/?p=47433"},"modified":"2023-02-19T20:04:29","modified_gmt":"2023-02-19T23:04:29","slug":"faixa-de-isencao-de-ir-subira-para-r-2-112-mas-quem-ganha-ate-r-2-640-nao-pagara-mais-entenda-vai-funcionar","status":"publish","type":"post","link":"https:\/\/www.portalalerta.com.br\/index.php\/2023\/02\/20\/faixa-de-isencao-de-ir-subira-para-r-2-112-mas-quem-ganha-ate-r-2-640-nao-pagara-mais-entenda-vai-funcionar\/","title":{"rendered":"Faixa de isen\u00e7\u00e3o de IR subir\u00e1 para R$ 2.112, mas quem ganha at\u00e9 R$ 2.640 n\u00e3o pagar\u00e1 mais. Entenda vai funcionar"},"content":{"rendered":"\n<p>A partir de maio, com as mudan\u00e7as anunciadas no Imposto de Renda (IR), 13,7 milh\u00f5es de brasileiros deixar\u00e3o de pagar o que equivale a 42% dos declarantes de 2022. A medida vai custar R$ 3,2 bilh\u00f5es aos cofres p\u00fablicos neste ano e R$ 6 bilh\u00f5es em 2024.<\/p>\n\n\n\n<!--more-->\n\n\n\n<p>Na semana passada, o presidente Luiz In\u00e1cio Lula da Silva informou que quem ganha at\u00e9 R$ 2.640 (equivalente a dois sal\u00e1rios m\u00ednimos considerando o reajuste previsto para maio) n\u00e3o pagar\u00e1 mais. Para cumprir essa promessa e, ao mesmo tempo, reduzir a perda de arrecada\u00e7\u00e3o, o governo lan\u00e7ar\u00e1 m\u00e3o de duas iniciativas.<\/p>\n\n\n<div class=\"wp-block-image\">\n<figure class=\"alignleft size-full\"><img fetchpriority=\"high\" decoding=\"async\" width=\"400\" height=\"300\" src=\"https:\/\/www.portalalerta.com.br\/wp-content\/uploads\/2023\/01\/Auto-Escola-Sonho.jpg\" alt=\"\" class=\"wp-image-47083\" srcset=\"https:\/\/www.portalalerta.com.br\/wp-content\/uploads\/2023\/01\/Auto-Escola-Sonho.jpg 400w, https:\/\/www.portalalerta.com.br\/wp-content\/uploads\/2023\/01\/Auto-Escola-Sonho-320x240.jpg 320w\" sizes=\"(max-width: 400px) 100vw, 400px\" \/><\/figure><\/div>\n\n\n<p>Primeiro, vai elevar a faixa de isen\u00e7\u00e3o dos atuais R$ 1.903,98 para R$ 2.112 em maio. Quem ganha at\u00e9 R$ 2.640 deixar\u00e1 de pagar porque tamb\u00e9m ser\u00e1 aplicado um desconto autom\u00e1tico de R$ 528 sobre o imposto que deveria ser pago pelo empregado. O desconto \u00e9 decorrente da chamada declara\u00e7\u00e3o simplificada do IR. Na pr\u00e1tica, quem ganha at\u00e9 R$ 2.640 n\u00e3o precisar\u00e1 fazer nada para ser contemplado: deixar\u00e1 de ter imposto retido na fonte e n\u00e3o precisar\u00e1 declarar no pr\u00f3ximo ano.<\/p>\n\n\n\n<p>As mudan\u00e7as ser\u00e3o feitas por meio de medida provis\u00f3ria. O benef\u00edcio ter\u00e1 mais impacto nos trabalhadores de menor renda. Para quem tem sal\u00e1rio mais alto, o desconto simplificado de R$ 528 n\u00e3o valer\u00e1 a pena, \u00e0 medida que este contribuinte j\u00e1 conta com dedu\u00e7\u00f5es maiores.<\/p>\n\n\n\n<p>Mas, mesmo assim, todos os declarantes s\u00e3o beneficiados pelo aumento da faixa de isen\u00e7\u00e3o. Como a tabela \u00e9 progressiva, independentemente do valor total do rendimento, todos deixam de pagar sobre a faixa at\u00e9 R$ 2.112. Por exemplo: quem ganha R$ 10 mil, s\u00f3 pagar\u00e1 sobre R$ 7.888.<\/p>\n\n\n\n<p>Exemplos do novo IR<\/p>\n\n\n\n<p>O modelo foi elaborado de modo que o contribuinte, principalmente o de menor renda, sinta o benef\u00edcio imediatamente no bolso. N\u00e3o haver\u00e1 qualquer reten\u00e7\u00e3o na fonte para quem ganha at\u00e9 R$ 2.640, segundo a Receita. Ou seja, o contribuinte n\u00e3o ter\u00e1 que esperar a declara\u00e7\u00e3o no ano seguinte para pedir a restitui\u00e7\u00e3o do que foi retido.<\/p>\n\n\n\n<p>O desconto de R$ 528,00 \u00e9 opcional, ou seja, quem tem direito a descontos maiores pela legisla\u00e7\u00e3o atual (previd\u00eancia, dependentes, etc) n\u00e3o ser\u00e1 prejudicado. O Minist\u00e9rio da Fazenda optou por esse modelo como forma de que o custo da isen\u00e7\u00e3o seja menor e beneficie quem ganha menos. Esse desconto de R$ 528 em valor fixo tamb\u00e9m s\u00f3 ser\u00e1 aplicado se for ben\u00e9fico ao contribuinte, o que s\u00f3 ocorre nas faixas de menor renda.<\/p>\n\n\n\n<p>A partir de determinada renda mensal, como R$ 5.020, o desconto da contribui\u00e7\u00e3o previdenci\u00e1ria j\u00e1 ser\u00e1 superior a R$ 528. Valer\u00e1 o que for mais ben\u00e9fico ao contribuinte. A Receita vai atualizar os sistemas e orientar as fontes pagadoras, para que elas tamb\u00e9m atualizem seus sistemas de c\u00e1lculo.<\/p>\n\n\n\n<p>Receita vai atualizar os sistemas e orientar as fontes pagadoras, para que elas tamb\u00e9m atualizem seus sistemas de c\u00e1lculo. Ao fazer o an\u00fancio nesta semana, Lula disse que a pol\u00edtica de isen\u00e7\u00e3o ser\u00e1 conduzida de forma progressiva at\u00e9 que a faixa de isen\u00e7\u00e3o chegue a R$ 5 mil mensais, promessa de campanha do presidente. Os 13,7 milh\u00f5es que ser\u00e3o contemplados agora ao deixar de pagar o imposto equivalem a 61% dos declarantes que ganham at\u00e9 R$ 5 mil por m\u00eas.<\/p>\n\n\n\n<p><em>Fonte: Yahoo Not\u00edcias<\/em><\/p>\n","protected":false},"excerpt":{"rendered":"<p>A partir de maio, com as mudan\u00e7as anunciadas no Imposto de Renda (IR), 13,7 milh\u00f5es de brasileiros deixar\u00e3o de pagar o que equivale a 42% dos declarantes de 2022. A medida vai custar R$ 3,2 bilh\u00f5es aos cofres p\u00fablicos neste ano e R$ 6 bilh\u00f5es em 2024.<\/p>\n","protected":false},"author":2,"featured_media":15060,"comment_status":"open","ping_status":"open","sticky":false,"template":"","format":"standard","meta":{"om_disable_all_campaigns":false,"_monsterinsights_skip_tracking":false,"_monsterinsights_sitenote_active":false,"_monsterinsights_sitenote_note":"","_monsterinsights_sitenote_category":0,"footnotes":""},"categories":[34,70,69],"tags":[100,71,48,4179,93,75,4178,4180,2636,129,107,4181,660,132,230,3828,106,203,120,51,109,659,88,47,111],"class_list":["post-47433","post","type-post","status-publish","format-standard","has-post-thumbnail","hentry","category-brasil","category-destaques","category-noticias2","tag-adustina","tag-antas","tag-araci","tag-banzae-2","tag-brasil","tag-cicero-dantas","tag-cipo-2","tag-crisopolis-2","tag-declaracao-de-imposto-de-renda","tag-euclides-da-cunha","tag-fatima","tag-heliopolis-2","tag-imposto-de-renda","tag-itapicuru","tag-jeremoabo","tag-noticias","tag-nova-soure","tag-novo-triunfo","tag-olindina","tag-paripiranga","tag-quijingue","tag-receita-federal","tag-ribeira-do-amparo","tag-ribeira-do-pombal","tag-sitio-do-quinto"],"aioseo_notices":[],"_links":{"self":[{"href":"https:\/\/www.portalalerta.com.br\/index.php\/wp-json\/wp\/v2\/posts\/47433","targetHints":{"allow":["GET"]}}],"collection":[{"href":"https:\/\/www.portalalerta.com.br\/index.php\/wp-json\/wp\/v2\/posts"}],"about":[{"href":"https:\/\/www.portalalerta.com.br\/index.php\/wp-json\/wp\/v2\/types\/post"}],"author":[{"embeddable":true,"href":"https:\/\/www.portalalerta.com.br\/index.php\/wp-json\/wp\/v2\/users\/2"}],"replies":[{"embeddable":true,"href":"https:\/\/www.portalalerta.com.br\/index.php\/wp-json\/wp\/v2\/comments?post=47433"}],"version-history":[{"count":1,"href":"https:\/\/www.portalalerta.com.br\/index.php\/wp-json\/wp\/v2\/posts\/47433\/revisions"}],"predecessor-version":[{"id":47434,"href":"https:\/\/www.portalalerta.com.br\/index.php\/wp-json\/wp\/v2\/posts\/47433\/revisions\/47434"}],"wp:featuredmedia":[{"embeddable":true,"href":"https:\/\/www.portalalerta.com.br\/index.php\/wp-json\/wp\/v2\/media\/15060"}],"wp:attachment":[{"href":"https:\/\/www.portalalerta.com.br\/index.php\/wp-json\/wp\/v2\/media?parent=47433"}],"wp:term":[{"taxonomy":"category","embeddable":true,"href":"https:\/\/www.portalalerta.com.br\/index.php\/wp-json\/wp\/v2\/categories?post=47433"},{"taxonomy":"post_tag","embeddable":true,"href":"https:\/\/www.portalalerta.com.br\/index.php\/wp-json\/wp\/v2\/tags?post=47433"}],"curies":[{"name":"wp","href":"https:\/\/api.w.org\/{rel}","templated":true}]}}