{"id":47435,"date":"2023-02-20T16:00:00","date_gmt":"2023-02-20T19:00:00","guid":{"rendered":"https:\/\/www.portalalerta.com.br\/?p=47435"},"modified":"2023-02-19T20:11:04","modified_gmt":"2023-02-19T23:11:04","slug":"deltan-questiona-neutralidade-de-novo-juiz-da-lava-jato-e-cita-doacao-a-lula","status":"publish","type":"post","link":"https:\/\/www.portalalerta.com.br\/index.php\/2023\/02\/20\/deltan-questiona-neutralidade-de-novo-juiz-da-lava-jato-e-cita-doacao-a-lula\/","title":{"rendered":"Deltan questiona neutralidade de novo juiz da Lava Jato e cita doa\u00e7\u00e3o a Lula"},"content":{"rendered":"\n<p>O deputado federal Deltan Dallagnol (Podemos-PR) reagiu com fortes cr\u00edticas nesta sexta-feira (17) \u00e0s declara\u00e7\u00f5es do novo juiz respons\u00e1vel pelos casos remanescentes da Opera\u00e7\u00e3o Lava Jato em Curitiba.<\/p>\n\n\n\n<!--more-->\n\n\n\n<p>Para Deltan, que coordenou a for\u00e7a-tarefa do Minist\u00e9rio P\u00fablico Federal na opera\u00e7\u00e3o at\u00e9 2020, o juiz Eduardo Appio n\u00e3o tem a neutralidade que prega para julgar os casos envolvendo corrup\u00e7\u00e3o na Petrobras e j\u00e1 teria demonstrado desprezo por integrantes da investiga\u00e7\u00e3o e pelo ex-juiz federal Sergio Moro, hoje senador pela Uni\u00e3o Brasil-PR.<\/p>\n\n\n<div class=\"wp-block-image\">\n<figure class=\"alignleft size-large is-resized\"><img fetchpriority=\"high\" decoding=\"async\" src=\"https:\/\/www.portalalerta.com.br\/wp-content\/uploads\/2023\/01\/Real-Volta-as-Aulas-2023-816x1024.jpeg\" alt=\"\" class=\"wp-image-46862\" width=\"376\" height=\"472\"\/><\/figure><\/div>\n\n\n<p>Em entrevista ao jornal Folha de S.Paulo, Appio afirmou que, entre os seus objetivos \u00e0 frente da 13\u00aa Vara de Curitiba, est\u00e1 o de resgatar a credibilidade da Justi\u00e7a Federal e assegurar a neutralidade &#8220;ideol\u00f3gica ou pol\u00edtico-partid\u00e1ria&#8221; nos julgamentos, afastando o que classifica de &#8220;populismo judicial&#8221;.<\/p>\n\n\n\n<p>O magistrado assumiu no \u00faltimo dia 7 o posto que foi de Sergio Moro at\u00e9 2018.<\/p>\n\n\n\n<p>Para Appio, a Lava Jato trouxe coisas boas, como a devolu\u00e7\u00e3o de dinheiro aos cofres p\u00fablicos, mas tamb\u00e9m atropelou a Constitui\u00e7\u00e3o, ao atender a anseios da sociedade em punir corruptos.<\/p>\n\n\n\n<p>\u00c0 reportagem e nas redes sociais, Deltan questionou a imparcialidade de Appio ao citar uma doa\u00e7\u00e3o de R$ 13 que consta em nome do juiz e que foi feita \u00e0 campanha do atual presidente Luiz In\u00e1cio Lula da Silva (PT) no ano passado.<\/p>\n\n\n\n<p>Nos registros da Justi\u00e7a Eleitoral, constam dois pagamentos em nome do juiz o outro \u00e9 de R$ 40 para uma candidata a deputada estadual do PT no Paran\u00e1.<\/p>\n\n\n\n<p><strong><em>&#8220;Ele invoca buscar neutralidade, mas a neutralidade alegada com palavras \u00e9 desmentida pelos fatos&#8221;,<\/em><\/strong> disse Deltan \u00e0 reportagem.<\/p>\n\n\n\n<p>O ex-procurador tamb\u00e9m afirmou que o pai do magistrado, o ex-deputado federal do PP-RS Francisco Appio, que morreu em outubro, chegou a ser mencionado por um dos delatores da Odebrecht, em depoimentos tomados pela Procuradoria-Geral da Rep\u00fablica (PGR), em Bras\u00edlia.<\/p>\n\n\n\n<p>Deltan compartilhou em rede social reportagem de 2017 que abordava o suposto apelido do pol\u00edtico em repasses eleitorais da empreiteira, &#8220;Abelha&#8221;.<\/p>\n\n\n\n<p>At\u00e9 a noite desta sexta-feira, a PGR n\u00e3o informou se a cita\u00e7\u00e3o ao nome de Francisco Appio chegou a gerar algum procedimento investigat\u00f3rio.<\/p>\n\n\n\n<p>Procurado pela reportagem nesta sexta-feira, o juiz n\u00e3o quis comentar sobre os casos.<\/p>\n\n\n\n<p><strong><em>&#8220;Como que um juiz que consta como doador da campanha do Lula consegue convencer algu\u00e9m de sua imparcialidade na Lava Jato?&#8221;<\/em><\/strong>, disse Deltan \u00e0 reportagem.<\/p>\n\n\n\n<p>Deltan pediu exonera\u00e7\u00e3o do Minist\u00e9rio P\u00fablico Federal no Paran\u00e1 em 2021 e, antes de migrar para a pol\u00edtica, se tornou um porta-voz da opera\u00e7\u00e3o.<\/p>\n\n\n\n<p><strong><em>&#8220;Ele [juiz federal Eduardo Appio] \u00e9 algu\u00e9m que participou de um programa de car\u00e1ter nitidamente ideol\u00f3gico, de esquerda, se aliando a pessoas que atacaram a Lava Jato nos \u00faltimos anos&#8221;<\/em><\/strong>, afirmou Deltan, em refer\u00eancia a participa\u00e7\u00f5es de Appio em um programa de debates sobre temas jur\u00eddicos, em canal no YouTube, do jornalista Lu\u00eds Nassif. A Lava Jato era um dos principais alvos dos participantes.<\/p>\n\n\n\n<p>Appio se apresenta como um juiz garantista e \u00e9 abertamente um cr\u00edtico dos m\u00e9todos da Lava Jato, quando trata dos contextos de pris\u00f5es e dela\u00e7\u00f5es promovidas pela opera\u00e7\u00e3o.<\/p>\n\n\n\n<p>O senador Sergio Moro, que saiu em 2018 da 13\u00aa Vara Federal de Curitiba para ser ministro de Jair Bolsonaro (PL), tamb\u00e9m foi procurado pela Folha para comentar as declara\u00e7\u00f5es de Appio, mas preferiu n\u00e3o se manifestar.<\/p>\n\n\n\n<p>Deltan argumenta ainda que dizer que <strong><em>&#8220;a Lava Jato n\u00e3o morreu&#8221;<\/em><\/strong>, como Appio declarou \u00e0 Folha de S.Paulo, <strong><em>&#8220;revela uma ingenuidade ou uma falta absoluta de compreens\u00e3o do mundo&#8221;.<\/em><\/strong><\/p>\n\n\n\n<p><strong><em>&#8220;Houve uma s\u00e9rie de retrocessos no combate \u00e0 corrup\u00e7\u00e3o que impedem que voc\u00ea alcance resultados concretos nas investiga\u00e7\u00f5es e processos contra crimes praticados por poderosos&#8221;<\/em><\/strong>, disse o deputado.<\/p>\n\n\n\n<p>Para o ex-procurador, isso \u00e9 s\u00f3 uma &#8220;quest\u00e3o sem\u00e2ntica&#8221;, j\u00e1 que, na sua vis\u00e3o, algumas mudan\u00e7as dos \u00faltimos anos impediram a efetiva puni\u00e7\u00e3o a corruptos, como o envio de casos \u00e0 Justi\u00e7a Eleitoral a partir de decis\u00e3o do STF (Supremo Tribunal Federal) em 2019.<\/p>\n\n\n\n<p><strong><em>&#8220;N\u00e3o \u00e9 o perfil institucional dela [Justi\u00e7a Eleitoral] atuar em casos criminais, ainda mais de alta complexidade. Ent\u00e3o, o sistema agora impede que exista uma efetividade no trabalho contra a grande corrup\u00e7\u00e3o&#8221;<\/em><\/strong>, afirmou Deltan.<\/p>\n\n\n\n<p>O deputado tamb\u00e9m inclui na lista de retrocessos para a Lava Jato a impossibilidade de pris\u00e3o j\u00e1 ap\u00f3s condena\u00e7\u00e3o em segunda inst\u00e2ncia. Para o ex-procurador, isso <strong><em>&#8220;desincentiva colabora\u00e7\u00f5es premiadas e acordos de leni\u00eancia&#8221;<\/em><\/strong>.<\/p>\n\n\n\n<p><strong><em>&#8220;Se voc\u00ea entende o trabalho da Lava Jato como um trabalho de colocar carimbos nos processos e tomar decis\u00f5es que jamais v\u00e3o ser efetivas, a\u00ed claro que os procedimentos burocr\u00e1ticos v\u00e3o seguir em frente e a\u00ed a Lava Jato n\u00e3o morreu. Mas \u00e9 uma quest\u00e3o sem\u00e2ntica. O que \u00e9 a Lava Jato? Eu vejo como uma a\u00e7\u00e3o efetiva de combate \u00e0 corrup\u00e7\u00e3o que era capaz e foi capaz de colocar criminosos na cadeia, independente do poder deles, e recuperar milh\u00f5es para os cofres p\u00fablicos&#8221;<\/em><\/strong>, diz Deltan.<\/p>\n\n\n\n<p>Al\u00e9m de participar de debates jur\u00eddicos, Appio j\u00e1 manifestou cr\u00edticas \u00e0 Lava Jato em artigos em anos anteriores.<\/p>\n\n\n\n<p>Em 2021, logo ap\u00f3s o STF anular condena\u00e7\u00f5es do Lula, o novo magistrado da 13\u00aa Vara Federal de Curitiba publicou um texto propondo &#8220;dez medidas para assegurar maior transpar\u00eancia&#8221; na atua\u00e7\u00e3o de autoridades judiciais e membros do Minist\u00e9rio P\u00fablico.<\/p>\n\n\n\n<p>Entre as dez propostas de Appio, estava a quarentena eleitoral, para proibir que &#8220;ju\u00edzes, promotores e policiais assumam cargos p\u00fablicos na administra\u00e7\u00e3o direta ou indireta&#8221;.<\/p>\n\n\n\n<p><em>Fonte: Yahoo Not\u00edcias<\/em><\/p>\n","protected":false},"excerpt":{"rendered":"<p>O deputado federal Deltan Dallagnol (Podemos-PR) reagiu com fortes cr\u00edticas nesta sexta-feira (17) \u00e0s declara\u00e7\u00f5es do novo juiz respons\u00e1vel pelos casos remanescentes da Opera\u00e7\u00e3o Lava Jato em Curitiba.<\/p>\n","protected":false},"author":2,"featured_media":18141,"comment_status":"open","ping_status":"open","sticky":false,"template":"","format":"standard","meta":{"om_disable_all_campaigns":false,"_monsterinsights_skip_tracking":false,"_monsterinsights_sitenote_active":false,"_monsterinsights_sitenote_note":"","_monsterinsights_sitenote_category":0,"footnotes":""},"categories":[34,70,69,21],"tags":[100,71,48,4179,93,75,4178,4180,1599,129,107,4181,132,230,247,303,3828,106,203,120,51,109,88,47,111],"class_list":["post-47435","post","type-post","status-publish","format-standard","has-post-thumbnail","hentry","category-brasil","category-destaques","category-noticias2","category-politica","tag-adustina","tag-antas","tag-araci","tag-banzae-2","tag-brasil","tag-cicero-dantas","tag-cipo-2","tag-crisopolis-2","tag-deltan-dallagnol","tag-euclides-da-cunha","tag-fatima","tag-heliopolis-2","tag-itapicuru","tag-jeremoabo","tag-lava-jato","tag-lula","tag-noticias","tag-nova-soure","tag-novo-triunfo","tag-olindina","tag-paripiranga","tag-quijingue","tag-ribeira-do-amparo","tag-ribeira-do-pombal","tag-sitio-do-quinto"],"aioseo_notices":[],"_links":{"self":[{"href":"https:\/\/www.portalalerta.com.br\/index.php\/wp-json\/wp\/v2\/posts\/47435","targetHints":{"allow":["GET"]}}],"collection":[{"href":"https:\/\/www.portalalerta.com.br\/index.php\/wp-json\/wp\/v2\/posts"}],"about":[{"href":"https:\/\/www.portalalerta.com.br\/index.php\/wp-json\/wp\/v2\/types\/post"}],"author":[{"embeddable":true,"href":"https:\/\/www.portalalerta.com.br\/index.php\/wp-json\/wp\/v2\/users\/2"}],"replies":[{"embeddable":true,"href":"https:\/\/www.portalalerta.com.br\/index.php\/wp-json\/wp\/v2\/comments?post=47435"}],"version-history":[{"count":1,"href":"https:\/\/www.portalalerta.com.br\/index.php\/wp-json\/wp\/v2\/posts\/47435\/revisions"}],"predecessor-version":[{"id":47436,"href":"https:\/\/www.portalalerta.com.br\/index.php\/wp-json\/wp\/v2\/posts\/47435\/revisions\/47436"}],"wp:featuredmedia":[{"embeddable":true,"href":"https:\/\/www.portalalerta.com.br\/index.php\/wp-json\/wp\/v2\/media\/18141"}],"wp:attachment":[{"href":"https:\/\/www.portalalerta.com.br\/index.php\/wp-json\/wp\/v2\/media?parent=47435"}],"wp:term":[{"taxonomy":"category","embeddable":true,"href":"https:\/\/www.portalalerta.com.br\/index.php\/wp-json\/wp\/v2\/categories?post=47435"},{"taxonomy":"post_tag","embeddable":true,"href":"https:\/\/www.portalalerta.com.br\/index.php\/wp-json\/wp\/v2\/tags?post=47435"}],"curies":[{"name":"wp","href":"https:\/\/api.w.org\/{rel}","templated":true}]}}