{"id":47440,"date":"2023-02-20T16:02:00","date_gmt":"2023-02-20T19:02:00","guid":{"rendered":"https:\/\/www.portalalerta.com.br\/?p=47440"},"modified":"2023-02-19T20:27:22","modified_gmt":"2023-02-19T23:27:22","slug":"decisao-do-stf-considera-constitucional-apreensao-da-cnh-de-inadimplentes","status":"publish","type":"post","link":"https:\/\/www.portalalerta.com.br\/index.php\/2023\/02\/20\/decisao-do-stf-considera-constitucional-apreensao-da-cnh-de-inadimplentes\/","title":{"rendered":"Decis\u00e3o do STF considera constitucional apreens\u00e3o da CNH de inadimplentes"},"content":{"rendered":"\n<p>A decis\u00e3o do STF (Supremo Tribunal Federal) que considerou constitucional medidas como a apreens\u00e3o da CNH (Carteira Nacional de Habilita\u00e7\u00e3o) para assegurar o cumprimento de ordens judiciais ligou o alerta e suscitou d\u00favidas em inadimplentes.<\/p>\n\n\n\n<!--more-->\n\n\n\n<p>A norma tamb\u00e9m permite ao juiz a aplica\u00e7\u00e3o da suspens\u00e3o do direito de dirigir, apreens\u00e3o do passaporte, e a proibi\u00e7\u00e3o de participa\u00e7\u00e3o em concurso e licita\u00e7\u00e3o p\u00fablica para for\u00e7ar devedores a pagarem suas d\u00edvidas.<\/p>\n\n\n\n<p>As medidas j\u00e1 eram previstas em artigo do C\u00f3digo de Processo Civil desde 2015, mas foram questionadas em a\u00e7\u00e3o do PT por meio de uma ADI (A\u00e7\u00e3o Direta de Inconstitucionalidade). O partido argumentava que as penas sacrificam direitos fundamentais dos cidad\u00e3os.<\/p>\n\n\n\n<p>Os ministros do Supremo no entanto optaram por mant\u00ea-las, por 10 votos a 1, em julgamento do dia 9 deste m\u00eas. Eles ponderam que as san\u00e7\u00f5es n\u00e3o podem avan\u00e7ar sobre direitos fundamentais e devem observar os princ\u00edpios da proporcionalidade e razoabilidade.<\/p>\n\n\n\n<p><strong>O QUE DECIDIU O STF?<\/strong><\/p>\n\n\n<div class=\"wp-block-image\">\n<figure class=\"alignleft size-full is-resized\"><img fetchpriority=\"high\" decoding=\"async\" src=\"https:\/\/www.portalalerta.com.br\/wp-content\/uploads\/2021\/04\/ELAB.jpg\" alt=\"\" class=\"wp-image-34795\" width=\"409\" height=\"326\" srcset=\"https:\/\/www.portalalerta.com.br\/wp-content\/uploads\/2021\/04\/ELAB.jpg 1000w, https:\/\/www.portalalerta.com.br\/wp-content\/uploads\/2021\/04\/ELAB-300x240.jpg 300w, https:\/\/www.portalalerta.com.br\/wp-content\/uploads\/2021\/04\/ELAB-768x614.jpg 768w, https:\/\/www.portalalerta.com.br\/wp-content\/uploads\/2021\/04\/ELAB-183x146.jpg 183w, https:\/\/www.portalalerta.com.br\/wp-content\/uploads\/2021\/04\/ELAB-50x40.jpg 50w, https:\/\/www.portalalerta.com.br\/wp-content\/uploads\/2021\/04\/ELAB-94x75.jpg 94w\" sizes=\"(max-width: 409px) 100vw, 409px\" \/><\/figure><\/div>\n\n\n<p>O relator da a\u00e7\u00e3o, Luiz Fux, avaliou que a aplica\u00e7\u00e3o dessas penalidades pelo magistrado \u00e9 um meio de fazer cumprir suas determina\u00e7\u00f5es e <strong><em>&#8220;encontra limites inerentes ao sistema em que elas se inserem&#8221;<\/em><\/strong>.<\/p>\n\n\n\n<p>Ele acrescentou que a autoriza\u00e7\u00e3o representa o dever do magistrado de dar efetividade \u00e0s decis\u00f5es.<\/p>\n\n\n\n<p>Por\u00e9m, ponderou que o juiz, ao aplicar as t\u00e9cnicas, deve obedecer aos valores especificados no pr\u00f3prio ordenamento jur\u00eddico para resguardar e promover a dignidade da pessoa humana.<\/p>\n\n\n\n<p><strong>TODOS OS INADIMPLENTES TER\u00c3O A CNH APREENDIDA?<\/strong><\/p>\n\n\n\n<p>N\u00e3o. Caber\u00e1 aos ju\u00edzes analisar a ordem caso a caso, respeitando os direitos que defendem o devedor. H\u00e1 o entendimento de que s\u00f3 perder\u00e1 a CNH devedores cuja d\u00edvida j\u00e1 esteja na Justi\u00e7a e todos os recursos para quitar esse d\u00e9bito tenham sido utilizados.<\/p>\n\n\n\n<p>Segundo a advogada Carolina Tupinamb\u00e1, que representou a Associa\u00e7\u00e3o Brasileira de Magistrados do Trabalho no processo, a regra geral continua sendo que a execu\u00e7\u00e3o judicial deve se dar da forma menos gravosa poss\u00edvel ao devedor. &#8220;Se houver um jeito menos grave de cobrar, ele deve ser adotado&#8221;, disse.<\/p>\n\n\n\n<p><strong>COMO ERA ANTES DA DECIS\u00c3O DO STF?<\/strong><\/p>\n\n\n\n<p>As medidas j\u00e1 eram previstas pelo C\u00f3digo de Processo Civil, mas alguns tribunais tinham d\u00favidas na hora de aplic\u00e1-las, provocando inseguran\u00e7a jur\u00eddica sobre o tema.<\/p>\n\n\n\n<p>Segundo Tupinamb\u00e1, devedores recorriam ou entravam com mandado de seguran\u00e7a contra as penas e muitas vezes conseguiam reverter. &#8220;Agora, o Supremo bateu o martelo para dizer que pode sim, desde que se mostre uma medida eficiente e razo\u00e1vel no caso&#8221;, explica.<\/p>\n\n\n\n<p><strong>QUAIS SERIAM AS EXCE\u00c7\u00d5ES?<\/strong><\/p>\n\n\n\n<p>Segundo o ministro Luiz Fux, n\u00e3o \u00e9 constitucional a aplica\u00e7\u00e3o das medidas ao devedor que dependa da utiliza\u00e7\u00e3o do ve\u00edculo para trabalhar.<\/p>\n\n\n\n<p>Tamb\u00e9m ponderou a proibi\u00e7\u00e3o de participa\u00e7\u00e3o em concursos p\u00fablicos do executado que, &#8220;estando em condi\u00e7\u00f5es financeiras limitadas, investe tempo na esperan\u00e7a de aprova\u00e7\u00e3o no certame e posse em cargo capaz de transport\u00e1-lo a patamar remunerat\u00f3rio teoricamente apto a garantir que honre seus compromissos&#8221;.<\/p>\n\n\n\n<p><strong>COMO FICA O CASO DOS DEVEDORES DE PENS\u00c3O ALIMENT\u00cdCIA?<\/strong><\/p>\n\n\n\n<p>O \u00fanico ministro do STF que votou contr\u00e1rio \u00e0 decis\u00e3o, Edson Fachin, defendeu que o devedor n\u00e3o pode sofrer san\u00e7\u00e3o que restrinja sua liberdade ou seus direitos fundamentais em raz\u00e3o da n\u00e3o a quita\u00e7\u00e3o de d\u00edvidas.<\/p>\n\n\n\n<p>Por\u00e9m, concordou com o restante dos colegas da Corte sobre os devedores de alimentos. Neste caso, as medidas devem ser aplicadas por serem verbas destinadas \u00e0 subsist\u00eancia de uma pessoa, como no caso de pagamento de pens\u00e3o aliment\u00edcia.<\/p>\n\n\n\n<p><strong>QUEM FOI CONTRA?<\/strong><\/p>\n\n\n\n<p>Al\u00e9m do PT, que entrou com a a\u00e7\u00e3o no STF, a Associa\u00e7\u00e3o Brasileira de Direito Processual se manifestou contra as norma, por entender que, em a\u00e7\u00f5es pecuni\u00e1rias, as medidas ferem o direito patrimonial.<\/p>\n\n\n\n<p>Para o presidente do grupo, Ant\u00f4nio Carvalho, o Supremo tamb\u00e9m deixou em aberto a possibilidade de controle de decis\u00f5es impostas, quando disse que a verifica\u00e7\u00e3o de abusos depende da avalia\u00e7\u00e3o de casos concretos. &#8220;Entendemos que h\u00e1 um equ\u00edvoco nessa decis\u00e3o por conta da viola\u00e7\u00e3o de in\u00fameros direitos fundamentais e elas ser\u00e3o objeto do recurso cab\u00edvel em breve&#8221;, disse.<\/p>\n\n\n\n<p><em>Fonte: Yahoo Not\u00edcias<\/em><\/p>\n","protected":false},"excerpt":{"rendered":"<p>A decis\u00e3o do STF (Supremo Tribunal Federal) que considerou constitucional medidas como a apreens\u00e3o da CNH (Carteira Nacional de Habilita\u00e7\u00e3o) para assegurar o cumprimento de ordens judiciais ligou o alerta e suscitou d\u00favidas em inadimplentes.<\/p>\n","protected":false},"author":2,"featured_media":5626,"comment_status":"open","ping_status":"open","sticky":false,"template":"","format":"standard","meta":{"om_disable_all_campaigns":false,"_monsterinsights_skip_tracking":false,"_monsterinsights_sitenote_active":false,"_monsterinsights_sitenote_note":"","_monsterinsights_sitenote_category":0,"footnotes":""},"categories":[34,70,69],"tags":[100,71,143,48,4179,93,75,4178,461,4180,240,129,107,4181,132,230,3828,106,203,120,51,489,109,88,47,111,216,190],"class_list":["post-47440","post","type-post","status-publish","format-standard","has-post-thumbnail","hentry","category-brasil","category-destaques","category-noticias2","tag-adustina","tag-antas","tag-apreensao","tag-araci","tag-banzae-2","tag-brasil","tag-cicero-dantas","tag-cipo-2","tag-cnh","tag-crisopolis-2","tag-dividas","tag-euclides-da-cunha","tag-fatima","tag-heliopolis-2","tag-itapicuru","tag-jeremoabo","tag-noticias","tag-nova-soure","tag-novo-triunfo","tag-olindina","tag-paripiranga","tag-passaporte","tag-quijingue","tag-ribeira-do-amparo","tag-ribeira-do-pombal","tag-sitio-do-quinto","tag-stf","tag-tucano"],"aioseo_notices":[],"_links":{"self":[{"href":"https:\/\/www.portalalerta.com.br\/index.php\/wp-json\/wp\/v2\/posts\/47440","targetHints":{"allow":["GET"]}}],"collection":[{"href":"https:\/\/www.portalalerta.com.br\/index.php\/wp-json\/wp\/v2\/posts"}],"about":[{"href":"https:\/\/www.portalalerta.com.br\/index.php\/wp-json\/wp\/v2\/types\/post"}],"author":[{"embeddable":true,"href":"https:\/\/www.portalalerta.com.br\/index.php\/wp-json\/wp\/v2\/users\/2"}],"replies":[{"embeddable":true,"href":"https:\/\/www.portalalerta.com.br\/index.php\/wp-json\/wp\/v2\/comments?post=47440"}],"version-history":[{"count":1,"href":"https:\/\/www.portalalerta.com.br\/index.php\/wp-json\/wp\/v2\/posts\/47440\/revisions"}],"predecessor-version":[{"id":47441,"href":"https:\/\/www.portalalerta.com.br\/index.php\/wp-json\/wp\/v2\/posts\/47440\/revisions\/47441"}],"wp:featuredmedia":[{"embeddable":true,"href":"https:\/\/www.portalalerta.com.br\/index.php\/wp-json\/wp\/v2\/media\/5626"}],"wp:attachment":[{"href":"https:\/\/www.portalalerta.com.br\/index.php\/wp-json\/wp\/v2\/media?parent=47440"}],"wp:term":[{"taxonomy":"category","embeddable":true,"href":"https:\/\/www.portalalerta.com.br\/index.php\/wp-json\/wp\/v2\/categories?post=47440"},{"taxonomy":"post_tag","embeddable":true,"href":"https:\/\/www.portalalerta.com.br\/index.php\/wp-json\/wp\/v2\/tags?post=47440"}],"curies":[{"name":"wp","href":"https:\/\/api.w.org\/{rel}","templated":true}]}}