{"id":47442,"date":"2023-02-20T16:03:00","date_gmt":"2023-02-20T19:03:00","guid":{"rendered":"https:\/\/www.portalalerta.com.br\/?p=47442"},"modified":"2023-02-19T20:31:54","modified_gmt":"2023-02-19T23:31:54","slug":"mais-uma-vez-sinproerp-tera-candidatura-unica","status":"publish","type":"post","link":"https:\/\/www.portalalerta.com.br\/index.php\/2023\/02\/20\/mais-uma-vez-sinproerp-tera-candidatura-unica\/","title":{"rendered":"Mais uma vez SINPROERP ter\u00e1 candidatura \u00fanica"},"content":{"rendered":"\n<p>Lamentavelmente, o Sindicato dos Profissionais de Educa\u00e7\u00e3o da Rede de Ensino do Munic\u00edpio de Ribeira do Pombal-BA (SINPROERP), ter\u00e1 chapa \u00fanica em mais uma elei\u00e7\u00e3o para a Diretoria da entidade Sindical.<\/p>\n\n\n\n<!--more-->\n\n\n\n<p>Isso acontece, n\u00e3o pela aus\u00eancia de candidatos, tendo em vista que a oposi\u00e7\u00e3o sindical lan\u00e7ou a candidatura da Chapa 02, tendo como presidente o professor Carlos Sena. As chapas foram inscritas dentro do prazo, tendo como data limite o dia 30 de janeiro do corrente ano. Ap\u00f3s as inscri\u00e7\u00f5es, a Comiss\u00e3o Eleitoral impugnou a Chapa 02, sob a alega\u00e7\u00e3o de que oito membros n\u00e3o preenchiam o requisito de presen\u00e7a m\u00ednima \u00e0s assembleias, fazendo com que o atual presidente, Jos\u00e9 Adielton Carvalho de Matos, \u201cconcorra\u201d ao terceiro mandato.<\/p>\n\n\n<div class=\"wp-block-image\">\n<figure class=\"alignleft size-full\"><img fetchpriority=\"high\" decoding=\"async\" width=\"400\" height=\"300\" src=\"https:\/\/www.portalalerta.com.br\/wp-content\/uploads\/2023\/01\/Auto-Escola-Sonho.jpg\" alt=\"\" class=\"wp-image-47083\" srcset=\"https:\/\/www.portalalerta.com.br\/wp-content\/uploads\/2023\/01\/Auto-Escola-Sonho.jpg 400w, https:\/\/www.portalalerta.com.br\/wp-content\/uploads\/2023\/01\/Auto-Escola-Sonho-320x240.jpg 320w\" sizes=\"(max-width: 400px) 100vw, 400px\" \/><\/figure><\/div>\n\n\n<p>O PORTAL ALERTA procurou o professor Carlos Sena, que confirmou a impugna\u00e7\u00e3o da chapa, bem como afirmou que n\u00e3o ir\u00e1 recorrer da decis\u00e3o na justi\u00e7a comum. Al\u00e9m disso, Carlos Sena afirmou que de fato existe legalidade na impugna\u00e7\u00e3o, j\u00e1 que o artigo 45 prev\u00ea tal pr\u00e9-requisito para uma poss\u00edvel candidatura. Por outro lado, disse haver falta de transpar\u00eancia, j\u00e1 que afirma que encontrou dificuldade em ter acesso ao Estatuto, al\u00e9m do edital de convoca\u00e7\u00e3o para registro da candidatura <strong><a href=\"https:\/\/www.portalalerta.com.br\/index.php\/2023\/01\/24\/sinproerp-convoca-categoria-para-registro-de-chapa-e-eleicao-da-nova-diretoria-executiva\/\">citar apenas o artigo 53, ocultando o artigo 45 (que impugnou a chapa 02)<\/a><\/strong>. Carlos Sena lamentou ainda o fato de o Sindicato ser gerido por tr\u00eas mandatos pela mesma pessoa, sendo que esta nunca foi eleita pela classe: <strong><em>\u201c\u00e9 ruim para democracia\u201d<\/em><\/strong>, afirmou.<\/p>\n\n\n\n<p>J\u00e1 o atual presidente, o professor Adielton, confirmou ao PORTAL ALERTA que de fato, a elei\u00e7\u00e3o prevista para o in\u00edcio do pr\u00f3ximo m\u00eas acontecer\u00e1 com chapa \u00fanica. Al\u00e9m disso, Adielton afirmou que a chapa indeferida acatou a decis\u00e3o, e reconheceu a legalidade do indeferimento. <strong><em>\u201cLamento n\u00e3o haver elei\u00e7\u00e3o mais uma vez, seria melhor que tivesse\u201d<\/em><\/strong>, concluiu Adielton.<\/p>\n\n\n\n<p>Vale ressaltar, que desde a cria\u00e7\u00e3o do SINPROERP, o professor Adielton vem se perpetuando \u00e0 frende do Sindicato, sendo que em nenhuma das oportunidades foi submetido \u00e0 escolha pelo voto. Na funda\u00e7\u00e3o do Sindicato, Adielton foi eleito por aclama\u00e7\u00e3o, tendo em vista que ele foi o idealizador da entidade. Em abril de 2019, Adielton foi reeleito, numa elei\u00e7\u00e3o pol\u00eamica. Na ocasi\u00e3o a chapa 02 tamb\u00e9m foi impugnada, sob a alega\u00e7\u00e3o de n\u00e3o preencher o requisito do per\u00edodo m\u00ednimo de filia\u00e7\u00e3o. Na \u00e9poca apenas 80 professores compareceram ao Sindicato para chancelar apoio ao presidente reeleito. <strong><a href=\"https:\/\/www.portalalerta.com.br\/index.php\/2019\/04\/13\/em-eleicao-polemica-professor-adielton-e-reeleito-presidente-do-sinproerp-em-ribeira-do-pombal-ba\/\">Relembre<\/a><\/strong><\/p>\n\n\n\n<p>Por fim, Adielton vai para o terceiro mandato consecutivo, sem ter uma disputa eleitoral, fato que at\u00e9 recentemente n\u00e3o seria poss\u00edvel, j\u00e1 que o estatuto previa apenas a possibilidade de dois mandatos consecutivos, por\u00e9m uma mudan\u00e7a no documento, aprovada em assembleia, passou a permitir que o presidente do Sindicato renove o mandato de forma ilimitada, sendo submetido a elei\u00e7\u00e3o a cada quatro anos.<\/p>\n\n\n\n<p><em>Reda\u00e7\u00e3o: Portal Alerta<\/em><\/p>\n","protected":false},"excerpt":{"rendered":"<p>Lamentavelmente, o Sindicato dos Profissionais de Educa\u00e7\u00e3o da Rede de Ensino do Munic\u00edpio de Ribeira do Pombal-BA (SINPROERP), ter\u00e1 chapa \u00fanica em mais uma elei\u00e7\u00e3o para a Diretoria da entidade Sindical.<\/p>\n","protected":false},"author":2,"featured_media":29019,"comment_status":"open","ping_status":"open","sticky":false,"template":"","format":"standard","meta":{"om_disable_all_campaigns":false,"_monsterinsights_skip_tracking":false,"_monsterinsights_sitenote_active":false,"_monsterinsights_sitenote_note":"","_monsterinsights_sitenote_category":0,"footnotes":""},"categories":[70,20,69,32,3],"tags":[5704,100,71,48,4179,75,4178,4180,1808,129,107,4181,132,230,3828,106,203,120,51,109,88,47,715,1511,111,190],"class_list":["post-47442","post","type-post","status-publish","format-standard","has-post-thumbnail","hentry","category-destaques","category-educacao","category-noticias2","category-regiao","category-ribeira-do-pombal","tag-5704","tag-adustina","tag-antas","tag-araci","tag-banzae-2","tag-cicero-dantas","tag-cipo-2","tag-crisopolis-2","tag-eleicao","tag-euclides-da-cunha","tag-fatima","tag-heliopolis-2","tag-itapicuru","tag-jeremoabo","tag-noticias","tag-nova-soure","tag-novo-triunfo","tag-olindina","tag-paripiranga","tag-quijingue","tag-ribeira-do-amparo","tag-ribeira-do-pombal","tag-sindicato","tag-sinproerp","tag-sitio-do-quinto","tag-tucano"],"aioseo_notices":[],"_links":{"self":[{"href":"https:\/\/www.portalalerta.com.br\/index.php\/wp-json\/wp\/v2\/posts\/47442","targetHints":{"allow":["GET"]}}],"collection":[{"href":"https:\/\/www.portalalerta.com.br\/index.php\/wp-json\/wp\/v2\/posts"}],"about":[{"href":"https:\/\/www.portalalerta.com.br\/index.php\/wp-json\/wp\/v2\/types\/post"}],"author":[{"embeddable":true,"href":"https:\/\/www.portalalerta.com.br\/index.php\/wp-json\/wp\/v2\/users\/2"}],"replies":[{"embeddable":true,"href":"https:\/\/www.portalalerta.com.br\/index.php\/wp-json\/wp\/v2\/comments?post=47442"}],"version-history":[{"count":1,"href":"https:\/\/www.portalalerta.com.br\/index.php\/wp-json\/wp\/v2\/posts\/47442\/revisions"}],"predecessor-version":[{"id":47443,"href":"https:\/\/www.portalalerta.com.br\/index.php\/wp-json\/wp\/v2\/posts\/47442\/revisions\/47443"}],"wp:featuredmedia":[{"embeddable":true,"href":"https:\/\/www.portalalerta.com.br\/index.php\/wp-json\/wp\/v2\/media\/29019"}],"wp:attachment":[{"href":"https:\/\/www.portalalerta.com.br\/index.php\/wp-json\/wp\/v2\/media?parent=47442"}],"wp:term":[{"taxonomy":"category","embeddable":true,"href":"https:\/\/www.portalalerta.com.br\/index.php\/wp-json\/wp\/v2\/categories?post=47442"},{"taxonomy":"post_tag","embeddable":true,"href":"https:\/\/www.portalalerta.com.br\/index.php\/wp-json\/wp\/v2\/tags?post=47442"}],"curies":[{"name":"wp","href":"https:\/\/api.w.org\/{rel}","templated":true}]}}