{"id":47447,"date":"2023-02-21T07:01:00","date_gmt":"2023-02-21T10:01:00","guid":{"rendered":"https:\/\/www.portalalerta.com.br\/?p=47447"},"modified":"2023-02-21T00:22:51","modified_gmt":"2023-02-21T03:22:51","slug":"veiculo-roubado-em-salvador-e-recuperado-pela-prf-em-paulo-afonso-ba-durante-operacao-carnaval","status":"publish","type":"post","link":"https:\/\/www.portalalerta.com.br\/index.php\/2023\/02\/21\/veiculo-roubado-em-salvador-e-recuperado-pela-prf-em-paulo-afonso-ba-durante-operacao-carnaval\/","title":{"rendered":"Ve\u00edculo roubado em Salvador, \u00e9 recuperado pela PRF em Paulo Afonso-BA, durante Opera\u00e7\u00e3o Carnaval"},"content":{"rendered":"\n<p>Na noite do \u00faltimo domingo (19), uma equipe da PRF que realizava fiscaliza\u00e7\u00e3o na altura do quil\u00f4metro 2 da BR 110, abordou um ve\u00edculo Fiat\/Siena de cor branca, que era conduzido por um homem de 27 anos.<\/p>\n\n\n\n<!--more-->\n\n\n\n<p>Inicialmente, foram solicitados os documentos do ve\u00edculo e do motorista, foi quando os PRFs perceberam que o documento do ve\u00edculo possu\u00eda ind\u00edcios de falsifica\u00e7\u00e3o e al\u00e9m disso, os caracteres identificadores do carro n\u00e3o estavam de acordo com os padr\u00f5es de f\u00e1brica al\u00e9m de constatarem sinais de fraude veicular. <\/p>\n\n\n\n<p>Diante da situa\u00e7\u00e3o, realizaram um procedimento de fiscaliza\u00e7\u00e3o avan\u00e7ada e confirmaram se tratar na realidade de um ve\u00edculo com \u2018queixa\u2019 de roubo, registrada na cidade de Salvador, em fevereiro deste ano. O carro circulava com placas clonadas na tentativa de ludibriar as fiscaliza\u00e7\u00f5es.<\/p>\n\n\n\n<p>O condutor do autom\u00f3vel, que reside em Salvador, relatou que seu tio alugou o carro e ele teria pego emprestado para se deslocar at\u00e9 o estado de Alagoas para curtir o carnaval.<\/p>\n\n\n\n<p>Tanto o rapaz, quanto o ve\u00edculo, foram conduzidos e apresentados na Delegacia de Pol\u00edcia Civil da cidade, para a ado\u00e7\u00e3o das medidas cab\u00edveis.<\/p>\n\n\n\n<p><em>Fonte: Gov.br<\/em><\/p>\n","protected":false},"excerpt":{"rendered":"<p>Na noite do \u00faltimo domingo (19), uma equipe da PRF que realizava fiscaliza\u00e7\u00e3o na altura do quil\u00f4metro 2 da BR 110, abordou um ve\u00edculo Fiat\/Siena de cor branca, que era conduzido por um homem de 27 anos.<\/p>\n","protected":false},"author":2,"featured_media":47448,"comment_status":"open","ping_status":"open","sticky":false,"template":"","format":"standard","meta":{"om_disable_all_campaigns":false,"_monsterinsights_skip_tracking":false,"_monsterinsights_sitenote_active":false,"_monsterinsights_sitenote_note":"","_monsterinsights_sitenote_category":0,"footnotes":""},"categories":[33,70,69,22],"tags":[100,71,48,54,4179,75,4178,4180,129,107,4181,132,230,3828,106,203,120,5917,51,118,77,149,109,88,47,200,330,111,190,102],"class_list":["post-47447","post","type-post","status-publish","format-standard","has-post-thumbnail","hentry","category-bahia","category-destaques","category-noticias2","category-seguranca","tag-adustina","tag-antas","tag-araci","tag-bahia","tag-banzae-2","tag-cicero-dantas","tag-cipo-2","tag-crisopolis-2","tag-euclides-da-cunha","tag-fatima","tag-heliopolis-2","tag-itapicuru","tag-jeremoabo","tag-noticias","tag-nova-soure","tag-novo-triunfo","tag-olindina","tag-operacao-carnaval","tag-paripiranga","tag-paulo-afonso","tag-preso","tag-prf","tag-quijingue","tag-ribeira-do-amparo","tag-ribeira-do-pombal","tag-roubo-de-carro","tag-salvador","tag-sitio-do-quinto","tag-tucano","tag-veiculo-recuperado"],"aioseo_notices":[],"_links":{"self":[{"href":"https:\/\/www.portalalerta.com.br\/index.php\/wp-json\/wp\/v2\/posts\/47447","targetHints":{"allow":["GET"]}}],"collection":[{"href":"https:\/\/www.portalalerta.com.br\/index.php\/wp-json\/wp\/v2\/posts"}],"about":[{"href":"https:\/\/www.portalalerta.com.br\/index.php\/wp-json\/wp\/v2\/types\/post"}],"author":[{"embeddable":true,"href":"https:\/\/www.portalalerta.com.br\/index.php\/wp-json\/wp\/v2\/users\/2"}],"replies":[{"embeddable":true,"href":"https:\/\/www.portalalerta.com.br\/index.php\/wp-json\/wp\/v2\/comments?post=47447"}],"version-history":[{"count":1,"href":"https:\/\/www.portalalerta.com.br\/index.php\/wp-json\/wp\/v2\/posts\/47447\/revisions"}],"predecessor-version":[{"id":47449,"href":"https:\/\/www.portalalerta.com.br\/index.php\/wp-json\/wp\/v2\/posts\/47447\/revisions\/47449"}],"wp:featuredmedia":[{"embeddable":true,"href":"https:\/\/www.portalalerta.com.br\/index.php\/wp-json\/wp\/v2\/media\/47448"}],"wp:attachment":[{"href":"https:\/\/www.portalalerta.com.br\/index.php\/wp-json\/wp\/v2\/media?parent=47447"}],"wp:term":[{"taxonomy":"category","embeddable":true,"href":"https:\/\/www.portalalerta.com.br\/index.php\/wp-json\/wp\/v2\/categories?post=47447"},{"taxonomy":"post_tag","embeddable":true,"href":"https:\/\/www.portalalerta.com.br\/index.php\/wp-json\/wp\/v2\/tags?post=47447"}],"curies":[{"name":"wp","href":"https:\/\/api.w.org\/{rel}","templated":true}]}}