{"id":47450,"date":"2023-02-21T07:02:00","date_gmt":"2023-02-21T10:02:00","guid":{"rendered":"https:\/\/www.portalalerta.com.br\/?p=47450"},"modified":"2023-02-21T00:33:15","modified_gmt":"2023-02-21T03:33:15","slug":"policia-apreende-faca-e-arma-de-fogo-no-segundo-dia-do-carnaval-2023-em-cipo-ba","status":"publish","type":"post","link":"https:\/\/www.portalalerta.com.br\/index.php\/2023\/02\/21\/policia-apreende-faca-e-arma-de-fogo-no-segundo-dia-do-carnaval-2023-em-cipo-ba\/","title":{"rendered":"Pol\u00edcia apreende faca e arma de fogo no segundo dia do Carnaval 2023, em Cip\u00f3-BA"},"content":{"rendered":"\n<p>No segundo dia do Carnaval 2023 do munic\u00edpio de Cip\u00f3-BA, policiais militares da 21\u00aa CIPM prenderam quatro pessoas que foram flagradas com objetos que colocavam em risco a integridade f\u00edsica dos foli\u00f5es.<\/p>\n\n\n\n<!--more-->\n\n\n<div class=\"wp-block-image\">\n<figure class=\"alignleft size-full\"><img fetchpriority=\"high\" decoding=\"async\" width=\"400\" height=\"300\" src=\"https:\/\/www.portalalerta.com.br\/wp-content\/uploads\/2023\/01\/Auto-Escola-Sonho.jpg\" alt=\"\" class=\"wp-image-47083\" srcset=\"https:\/\/www.portalalerta.com.br\/wp-content\/uploads\/2023\/01\/Auto-Escola-Sonho.jpg 400w, https:\/\/www.portalalerta.com.br\/wp-content\/uploads\/2023\/01\/Auto-Escola-Sonho-320x240.jpg 320w\" sizes=\"(max-width: 400px) 100vw, 400px\" \/><\/figure><\/div>\n\n\n<p>Por volta das 21h45 de domingo (19), policiais que patrulhavam no local da festa, quando passavam pela Av. Beira Rio, decidiram abordar algumas pessoas que estavam na localidade conhecida como Balne\u00e1rio. Com um dos abordados, os policiais encontraram uma faca Karambit Lua, e por conta disso, conduziram o rapaz identificado pelas iniciais P.R da C.S, 18 anos, morador do bairro da Torre, em Nova Soure-BA, para a Delegacia de Pol\u00edcia Civil da cidade, onde foi lavrado um Termo Circunstanciado de Ocorr\u00eancia.<\/p>\n\n\n\n<p><strong>Arma de fogo<\/strong><\/p>\n\n\n\n<p>J\u00e1 por volta de 01h25 de segunda-feira (20), ainda durante a festa carnavalesca, os policiais militares que tamb\u00e9m patrulhavam o evento, no momento em que transitavam pela Av. Beira Rio, visualizaram tr\u00eas pessoas em atitude suspeita, entre elas, uma garota, e portanto, decidiram abord\u00e1-los. Com a garota, identificada pelas iniciais N.P, 28 anos, foram encontrados: <strong>01 rev\u00f3lver cal. 38 contendo tr\u00eas cartuchos intactos, 05 aparelhos celulares, 02 cart\u00f5es de cr\u00e9dito de propriedade dos abordados, e uma quantia de R$ 358,00 em esp\u00e9cie<\/strong>.<\/p>\n\n\n<div class=\"wp-block-image\">\n<figure class=\"aligncenter size-full\"><img decoding=\"async\" width=\"500\" height=\"270\" src=\"https:\/\/www.portalalerta.com.br\/wp-content\/uploads\/2023\/02\/porte-de-arma-de-fogo-em-Cipo-2023.1.jpg\" alt=\"\" class=\"wp-image-47451\" srcset=\"https:\/\/www.portalalerta.com.br\/wp-content\/uploads\/2023\/02\/porte-de-arma-de-fogo-em-Cipo-2023.1.jpg 500w, https:\/\/www.portalalerta.com.br\/wp-content\/uploads\/2023\/02\/porte-de-arma-de-fogo-em-Cipo-2023.1-444x240.jpg 444w\" sizes=\"(max-width: 500px) 100vw, 500px\" \/><\/figure><\/div>\n\n\n<p>Tanto a garota, quanto os outros dois que a acompanhavam, identificados pelas iniciais P.G de O, 20 anos, e V.H da S.G, 28 anos, foram conduzidos para a Delegacia de Pol\u00edcia Civil da cidade, onde foram apresentados juntamente com o material apreendido, para a ado\u00e7\u00e3o das medidas cab\u00edveis.<\/p>\n\n\n\n<p>Assim como no caso anterior, os conduzidos afirmaram serem moradores do munic\u00edpio de Nova Soure.<\/p>\n\n\n\n<p><em>Reda\u00e7\u00e3o: Portal Alerta<\/em><\/p>\n","protected":false},"excerpt":{"rendered":"<p>No segundo dia do Carnaval 2023 do munic\u00edpio de Cip\u00f3-BA, policiais militares da 21\u00aa CIPM prenderam quatro pessoas que foram flagradas com objetos que colocavam em risco a integridade f\u00edsica dos foli\u00f5es.<\/p>\n","protected":false},"author":2,"featured_media":47452,"comment_status":"open","ping_status":"open","sticky":false,"template":"","format":"standard","meta":{"om_disable_all_campaigns":false,"_monsterinsights_skip_tracking":false,"_monsterinsights_sitenote_active":false,"_monsterinsights_sitenote_note":"","_monsterinsights_sitenote_category":0,"footnotes":""},"categories":[13,70,36,69,32,22],"tags":[100,71,48,4179,5916,75,4178,4180,129,5918,107,4181,132,230,3828,106,203,120,51,79,83,110,109,88,47,111],"class_list":["post-47450","post","type-post","status-publish","format-standard","has-post-thumbnail","hentry","category-cipo","category-destaques","category-lazer","category-noticias2","category-regiao","category-seguranca","tag-adustina","tag-antas","tag-araci","tag-banzae-2","tag-carnaval-2023","tag-cicero-dantas","tag-cipo-2","tag-crisopolis-2","tag-euclides-da-cunha","tag-faca-apreendida","tag-fatima","tag-heliopolis-2","tag-itapicuru","tag-jeremoabo","tag-noticias","tag-nova-soure","tag-novo-triunfo","tag-olindina","tag-paripiranga","tag-policia-militar","tag-porte-ilegal-de-arma-de-fogo","tag-presos","tag-quijingue","tag-ribeira-do-amparo","tag-ribeira-do-pombal","tag-sitio-do-quinto"],"aioseo_notices":[],"_links":{"self":[{"href":"https:\/\/www.portalalerta.com.br\/index.php\/wp-json\/wp\/v2\/posts\/47450","targetHints":{"allow":["GET"]}}],"collection":[{"href":"https:\/\/www.portalalerta.com.br\/index.php\/wp-json\/wp\/v2\/posts"}],"about":[{"href":"https:\/\/www.portalalerta.com.br\/index.php\/wp-json\/wp\/v2\/types\/post"}],"author":[{"embeddable":true,"href":"https:\/\/www.portalalerta.com.br\/index.php\/wp-json\/wp\/v2\/users\/2"}],"replies":[{"embeddable":true,"href":"https:\/\/www.portalalerta.com.br\/index.php\/wp-json\/wp\/v2\/comments?post=47450"}],"version-history":[{"count":1,"href":"https:\/\/www.portalalerta.com.br\/index.php\/wp-json\/wp\/v2\/posts\/47450\/revisions"}],"predecessor-version":[{"id":47453,"href":"https:\/\/www.portalalerta.com.br\/index.php\/wp-json\/wp\/v2\/posts\/47450\/revisions\/47453"}],"wp:featuredmedia":[{"embeddable":true,"href":"https:\/\/www.portalalerta.com.br\/index.php\/wp-json\/wp\/v2\/media\/47452"}],"wp:attachment":[{"href":"https:\/\/www.portalalerta.com.br\/index.php\/wp-json\/wp\/v2\/media?parent=47450"}],"wp:term":[{"taxonomy":"category","embeddable":true,"href":"https:\/\/www.portalalerta.com.br\/index.php\/wp-json\/wp\/v2\/categories?post=47450"},{"taxonomy":"post_tag","embeddable":true,"href":"https:\/\/www.portalalerta.com.br\/index.php\/wp-json\/wp\/v2\/tags?post=47450"}],"curies":[{"name":"wp","href":"https:\/\/api.w.org\/{rel}","templated":true}]}}