{"id":47454,"date":"2023-02-21T07:03:00","date_gmt":"2023-02-21T10:03:00","guid":{"rendered":"https:\/\/www.portalalerta.com.br\/?p=47454"},"modified":"2023-02-21T00:42:26","modified_gmt":"2023-02-21T03:42:26","slug":"lula-interrompe-folga-na-bahia-e-vai-a-sao-paulo-acompanhar-regiao-afetada-por-chuvas","status":"publish","type":"post","link":"https:\/\/www.portalalerta.com.br\/index.php\/2023\/02\/21\/lula-interrompe-folga-na-bahia-e-vai-a-sao-paulo-acompanhar-regiao-afetada-por-chuvas\/","title":{"rendered":"Lula interrompe folga na Bahia e vai a S\u00e3o Paulo acompanhar regi\u00e3o afetada por chuvas"},"content":{"rendered":"\n<p>O presidente Luiz In\u00e1cio Lula da Silva interrompeu a folga de Carnaval, que passava na Base Naval de Aratu, na Bahia, para acompanhar as cidades de S\u00e3o Paulo afetadas pelas fortes chuvas neste fim de semana.<\/p>\n\n\n\n<!--more-->\n\n\n<div class=\"wp-block-image\">\n<figure class=\"alignleft size-full is-resized\"><img fetchpriority=\"high\" decoding=\"async\" src=\"https:\/\/www.portalalerta.com.br\/wp-content\/uploads\/2021\/04\/ELAB.jpg\" alt=\"\" class=\"wp-image-34795\" width=\"375\" height=\"299\" srcset=\"https:\/\/www.portalalerta.com.br\/wp-content\/uploads\/2021\/04\/ELAB.jpg 1000w, https:\/\/www.portalalerta.com.br\/wp-content\/uploads\/2021\/04\/ELAB-300x240.jpg 300w, https:\/\/www.portalalerta.com.br\/wp-content\/uploads\/2021\/04\/ELAB-768x614.jpg 768w, https:\/\/www.portalalerta.com.br\/wp-content\/uploads\/2021\/04\/ELAB-183x146.jpg 183w, https:\/\/www.portalalerta.com.br\/wp-content\/uploads\/2021\/04\/ELAB-50x40.jpg 50w, https:\/\/www.portalalerta.com.br\/wp-content\/uploads\/2021\/04\/ELAB-94x75.jpg 94w\" sizes=\"(max-width: 375px) 100vw, 375px\" \/><\/figure><\/div>\n\n\n<p>Em sua conta no Twitter, o presidente disse que nesta segunda-feira (20) iria viajar para acompanhar <strong><em>\u201cos esfor\u00e7os de enfrentamento dessa trag\u00e9dia\u201d<\/em><\/strong>.<\/p>\n\n\n\n<p><strong><em>\u201cConversei hoje com o ministro da Integra\u00e7\u00e3o e Desenvolvimento Regional, Waldez G\u00f3es, com o governador de S\u00e3o Paulo, Tarc\u00edsio de Freitas, e com o prefeito Felipe Augusto ap\u00f3s as fortes chuvas no litoral de S\u00e3o Paulo, em especial na cidade de S\u00e3o Sebasti\u00e3o\u201d<\/em><\/strong>, informou.<\/p>\n\n\n\n<p>S\u00e3o Sebasti\u00e3o, Ubatuba, Caraguatatuba e Ilhabela est\u00e3o sofrendo com deslizamentos, alagamentos e interdi\u00e7\u00f5es de rodovias. O n\u00famero de mortos j\u00e1 chegou a 24, 23 delas s\u00f3 em S\u00e3o Sebasti\u00e3o, e dezenas de pessoas est\u00e3o desaparecidas.<\/p>\n\n\n\n<p><em>Fonte: Web R\u00e1dio Di\u00e1rio<\/em><\/p>\n\n\n\n<p><em>Com Informa\u00e7\u00f5es: Bahia Not\u00edcias<\/em><\/p>\n","protected":false},"excerpt":{"rendered":"<p>O presidente Luiz In\u00e1cio Lula da Silva interrompeu a folga de Carnaval, que passava na Base Naval de Aratu, na Bahia, para acompanhar as cidades de S\u00e3o Paulo afetadas pelas fortes chuvas neste fim de semana.<\/p>\n","protected":false},"author":2,"featured_media":47428,"comment_status":"open","ping_status":"open","sticky":false,"template":"","format":"standard","meta":{"om_disable_all_campaigns":false,"_monsterinsights_skip_tracking":false,"_monsterinsights_sitenote_active":false,"_monsterinsights_sitenote_note":"","_monsterinsights_sitenote_category":0,"footnotes":""},"categories":[33,34,70,69,21],"tags":[100,71,48,54,4179,1977,75,4178,4180,129,107,4181,132,230,303,3828,106,203,120,51,109,88,47,404,111,190],"class_list":["post-47454","post","type-post","status-publish","format-standard","has-post-thumbnail","hentry","category-bahia","category-brasil","category-destaques","category-noticias2","category-politica","tag-adustina","tag-antas","tag-araci","tag-bahia","tag-banzae-2","tag-chuvas","tag-cicero-dantas","tag-cipo-2","tag-crisopolis-2","tag-euclides-da-cunha","tag-fatima","tag-heliopolis-2","tag-itapicuru","tag-jeremoabo","tag-lula","tag-noticias","tag-nova-soure","tag-novo-triunfo","tag-olindina","tag-paripiranga","tag-quijingue","tag-ribeira-do-amparo","tag-ribeira-do-pombal","tag-sao-paulo","tag-sitio-do-quinto","tag-tucano"],"aioseo_notices":[],"_links":{"self":[{"href":"https:\/\/www.portalalerta.com.br\/index.php\/wp-json\/wp\/v2\/posts\/47454","targetHints":{"allow":["GET"]}}],"collection":[{"href":"https:\/\/www.portalalerta.com.br\/index.php\/wp-json\/wp\/v2\/posts"}],"about":[{"href":"https:\/\/www.portalalerta.com.br\/index.php\/wp-json\/wp\/v2\/types\/post"}],"author":[{"embeddable":true,"href":"https:\/\/www.portalalerta.com.br\/index.php\/wp-json\/wp\/v2\/users\/2"}],"replies":[{"embeddable":true,"href":"https:\/\/www.portalalerta.com.br\/index.php\/wp-json\/wp\/v2\/comments?post=47454"}],"version-history":[{"count":1,"href":"https:\/\/www.portalalerta.com.br\/index.php\/wp-json\/wp\/v2\/posts\/47454\/revisions"}],"predecessor-version":[{"id":47455,"href":"https:\/\/www.portalalerta.com.br\/index.php\/wp-json\/wp\/v2\/posts\/47454\/revisions\/47455"}],"wp:featuredmedia":[{"embeddable":true,"href":"https:\/\/www.portalalerta.com.br\/index.php\/wp-json\/wp\/v2\/media\/47428"}],"wp:attachment":[{"href":"https:\/\/www.portalalerta.com.br\/index.php\/wp-json\/wp\/v2\/media?parent=47454"}],"wp:term":[{"taxonomy":"category","embeddable":true,"href":"https:\/\/www.portalalerta.com.br\/index.php\/wp-json\/wp\/v2\/categories?post=47454"},{"taxonomy":"post_tag","embeddable":true,"href":"https:\/\/www.portalalerta.com.br\/index.php\/wp-json\/wp\/v2\/tags?post=47454"}],"curies":[{"name":"wp","href":"https:\/\/api.w.org\/{rel}","templated":true}]}}