{"id":47458,"date":"2023-02-21T13:48:21","date_gmt":"2023-02-21T16:48:21","guid":{"rendered":"https:\/\/www.portalalerta.com.br\/?p=47458"},"modified":"2023-02-21T13:48:22","modified_gmt":"2023-02-21T16:48:22","slug":"mulher-e-presa-sob-suspeita-de-sequestro-para-ritual-de-cura-de-cancer-na-bahia","status":"publish","type":"post","link":"https:\/\/www.portalalerta.com.br\/index.php\/2023\/02\/21\/mulher-e-presa-sob-suspeita-de-sequestro-para-ritual-de-cura-de-cancer-na-bahia\/","title":{"rendered":"Mulher \u00e9 presa sob suspeita de sequestro para ritual de cura de c\u00e2ncer na Bahia"},"content":{"rendered":"\n<p>Uma mulher foi presa no \u00faltimo s\u00e1bado (18) pela\u00a0Pol\u00edcia Rodovi\u00e1ria Federal\u00a0(PRF) sob suspeita de participa\u00e7\u00e3o no sequestro de uma crian\u00e7a em Caravelas, cidade no sul da Bahia.<\/p>\n\n\n\n<!--more-->\n\n\n<div class=\"wp-block-image\">\n<figure class=\"alignleft size-large is-resized\"><img fetchpriority=\"high\" decoding=\"async\" src=\"https:\/\/www.portalalerta.com.br\/wp-content\/uploads\/2023\/01\/Real-Volta-as-Aulas-2023-816x1024.jpeg\" alt=\"\" class=\"wp-image-46862\" width=\"420\" height=\"527\"\/><\/figure><\/div>\n\n\n<p>De acordo com a pol\u00edcia, a crian\u00e7a teria sido sequestrada para ser usada em um ritual de\u00a0cura de c\u00e2ncer. J\u00e1 foram presas duas pessoas envolvidas no crime: uma mulher e um homem identificados como <strong><a href=\"https:\/\/www.portalalerta.com.br\/index.php\/2023\/02\/06\/policia-civil-conclui-investigacoes-sequestro-de-crianca-no-sul-da-bahia-para-ser-usada-em-ritual\/\">Sthefany de Jesus Silva, de 25 anos, e Ailton Ferreira dos Santos, de 53 anos<\/a><\/strong>. Eles foram presos dois dias ap\u00f3s o sequestro, no dia 16 de janeiro, enquanto carregavam o beb\u00ea dentro de uma mochila em um ponto de \u00f4nibus.<\/p>\n\n\n\n<p>De acordo com as investiga\u00e7\u00f5es, Michelle seria a beneficiada pelo ritual e teria requisitado o sequestro da crian\u00e7a. Sthefany, por sua vez, era amea\u00e7ada por Michelle para encontrar a crian\u00e7a ideal para o ritual. A pol\u00edcia informou que Leila, presa no \u00faltimo s\u00e1bado, teria participado do sequestro em Caravelas. Al\u00e9m deste caso, Michelle \u00e9 investigada em outro caso de desaparecimento.<\/p>\n\n\n\n<p>Sthefany presa pela PRF possu\u00eda mandado de pris\u00e3o preventiva decorrente de crimes de associa\u00e7\u00e3o criminosa e sequestro\/c\u00e1rcere privado. Ela foi encaminhada para a autoridade competente na\u00a0Delegacia de Pol\u00edcia Civil\u00a0(BA) para as provid\u00eancias cab\u00edveis.<\/p>\n\n\n\n<p><em>Fonte: Chico Sabe Tudo<\/em><\/p>\n","protected":false},"excerpt":{"rendered":"<p>Uma mulher foi presa no \u00faltimo s\u00e1bado (18) pela\u00a0Pol\u00edcia Rodovi\u00e1ria Federal\u00a0(PRF) sob suspeita de participa\u00e7\u00e3o no sequestro de uma crian\u00e7a em Caravelas, cidade no sul da Bahia.<\/p>\n","protected":false},"author":2,"featured_media":47459,"comment_status":"open","ping_status":"open","sticky":false,"template":"","format":"standard","meta":{"om_disable_all_campaigns":false,"_monsterinsights_skip_tracking":false,"_monsterinsights_sitenote_active":false,"_monsterinsights_sitenote_note":"","_monsterinsights_sitenote_category":0,"footnotes":""},"categories":[33,70,69,22],"tags":[100,71,48,54,4179,932,75,4178,4180,129,107,4181,132,230,3828,106,203,120,51,84,109,88,47,590,136,111,190],"class_list":["post-47458","post","type-post","status-publish","format-standard","has-post-thumbnail","hentry","category-bahia","category-destaques","category-noticias2","category-seguranca","tag-adustina","tag-antas","tag-araci","tag-bahia","tag-banzae-2","tag-caravelas","tag-cicero-dantas","tag-cipo-2","tag-crisopolis-2","tag-euclides-da-cunha","tag-fatima","tag-heliopolis-2","tag-itapicuru","tag-jeremoabo","tag-noticias","tag-nova-soure","tag-novo-triunfo","tag-olindina","tag-paripiranga","tag-presa","tag-quijingue","tag-ribeira-do-amparo","tag-ribeira-do-pombal","tag-sequestradores","tag-sequestro","tag-sitio-do-quinto","tag-tucano"],"aioseo_notices":[],"_links":{"self":[{"href":"https:\/\/www.portalalerta.com.br\/index.php\/wp-json\/wp\/v2\/posts\/47458","targetHints":{"allow":["GET"]}}],"collection":[{"href":"https:\/\/www.portalalerta.com.br\/index.php\/wp-json\/wp\/v2\/posts"}],"about":[{"href":"https:\/\/www.portalalerta.com.br\/index.php\/wp-json\/wp\/v2\/types\/post"}],"author":[{"embeddable":true,"href":"https:\/\/www.portalalerta.com.br\/index.php\/wp-json\/wp\/v2\/users\/2"}],"replies":[{"embeddable":true,"href":"https:\/\/www.portalalerta.com.br\/index.php\/wp-json\/wp\/v2\/comments?post=47458"}],"version-history":[{"count":1,"href":"https:\/\/www.portalalerta.com.br\/index.php\/wp-json\/wp\/v2\/posts\/47458\/revisions"}],"predecessor-version":[{"id":47460,"href":"https:\/\/www.portalalerta.com.br\/index.php\/wp-json\/wp\/v2\/posts\/47458\/revisions\/47460"}],"wp:featuredmedia":[{"embeddable":true,"href":"https:\/\/www.portalalerta.com.br\/index.php\/wp-json\/wp\/v2\/media\/47459"}],"wp:attachment":[{"href":"https:\/\/www.portalalerta.com.br\/index.php\/wp-json\/wp\/v2\/media?parent=47458"}],"wp:term":[{"taxonomy":"category","embeddable":true,"href":"https:\/\/www.portalalerta.com.br\/index.php\/wp-json\/wp\/v2\/categories?post=47458"},{"taxonomy":"post_tag","embeddable":true,"href":"https:\/\/www.portalalerta.com.br\/index.php\/wp-json\/wp\/v2\/tags?post=47458"}],"curies":[{"name":"wp","href":"https:\/\/api.w.org\/{rel}","templated":true}]}}