{"id":47461,"date":"2023-02-21T14:02:25","date_gmt":"2023-02-21T17:02:25","guid":{"rendered":"https:\/\/www.portalalerta.com.br\/?p=47461"},"modified":"2023-02-21T14:02:28","modified_gmt":"2023-02-21T17:02:28","slug":"em-acoes-distintas-quatro-pessoas-sao-flagradas-com-drogas-em-euclides-da-cunha-ba","status":"publish","type":"post","link":"https:\/\/www.portalalerta.com.br\/index.php\/2023\/02\/21\/em-acoes-distintas-quatro-pessoas-sao-flagradas-com-drogas-em-euclides-da-cunha-ba\/","title":{"rendered":"Em a\u00e7\u00f5es distintas, quatro pessoas s\u00e3o flagradas com drogas, em Euclides da Cunha-BA"},"content":{"rendered":"\n<p>No \u00faltimo domingo (19), policiais militares do 5\u00ba Batalh\u00e3o\/ Euclides da Cunha-BA, prenderam quatro pessoas, que foram flagradas com drogas no referido munic\u00edpio.<\/p>\n\n\n\n<!--more-->\n\n\n\n<p>Ao todo, foram tr\u00eas a\u00e7\u00f5es distintas, sendo que o primeiro flagrante aconteceu no centro da cidade. Na ocasi\u00e3o, duas pessoas foram flagradas com: <strong>06 papelotes contendo coca\u00edna, 02 trouxinhas contendo maconha, 02 aparelhos celulares, 01 motocicleta, e uma quantia de R$ 132,00 em esp\u00e9cie.<\/strong> (imagem acima)<\/p>\n\n\n\n<p>O segundo flagrante tamb\u00e9m aconteceu no centro da cidade, quando um homem foi encontrado tendo sob a sua posse: <strong>uma quantidade n\u00e3o especificada de maconha, 01 papelote contendo coca\u00edna, e uma quantia de R$ 272,00 em esp\u00e9cie<\/strong>.&nbsp;<\/p>\n\n\n<div class=\"wp-block-image\">\n<figure class=\"aligncenter size-full\"><img fetchpriority=\"high\" decoding=\"async\" width=\"500\" height=\"400\" src=\"https:\/\/www.portalalerta.com.br\/wp-content\/uploads\/2023\/02\/trafico-de-drogas-em-Euclides-da-Cunha-2023.3.jpg\" alt=\"\" class=\"wp-image-47462\" srcset=\"https:\/\/www.portalalerta.com.br\/wp-content\/uploads\/2023\/02\/trafico-de-drogas-em-Euclides-da-Cunha-2023.3.jpg 500w, https:\/\/www.portalalerta.com.br\/wp-content\/uploads\/2023\/02\/trafico-de-drogas-em-Euclides-da-Cunha-2023.3-300x240.jpg 300w\" sizes=\"(max-width: 500px) 100vw, 500px\" \/><\/figure><\/div>\n\n\n<p>J\u00e1 o \u00faltimo caso foi fruto do Disque Den\u00fancia, momento em que os policiais foram informados sobre a pr\u00e1tica de tr\u00e1fico de drogas num bar da cidade. No loca indicado, os policiais flagraram um homem tendo sob a sua posse 02 papelotes contendo coca\u00edna.<\/p>\n\n\n<div class=\"wp-block-image\">\n<figure class=\"aligncenter size-full\"><img decoding=\"async\" width=\"500\" height=\"400\" src=\"https:\/\/www.portalalerta.com.br\/wp-content\/uploads\/2023\/02\/trafico-de-drogas-em-Euclides-da-Cunha-2023.4.jpg\" alt=\"\" class=\"wp-image-47463\" srcset=\"https:\/\/www.portalalerta.com.br\/wp-content\/uploads\/2023\/02\/trafico-de-drogas-em-Euclides-da-Cunha-2023.4.jpg 500w, https:\/\/www.portalalerta.com.br\/wp-content\/uploads\/2023\/02\/trafico-de-drogas-em-Euclides-da-Cunha-2023.4-300x240.jpg 300w\" sizes=\"(max-width: 500px) 100vw, 500px\" \/><\/figure><\/div>\n\n\n<p>Todos os envolvidos foram conduzidos e apresentados na Delegacia de Pol\u00edcia Civil, juntamente com as respetivas drogas, para a ado\u00e7\u00e3o das medidas cab\u00edveis.<\/p>\n\n\n\n<p><em>Reda\u00e7\u00e3o: Portal Alerta<\/em><\/p>\n","protected":false},"excerpt":{"rendered":"<p>No \u00faltimo domingo (19), policiais militares do 5\u00ba Batalh\u00e3o\/ Euclides da Cunha-BA, prenderam quatro pessoas, que foram flagradas com drogas no referido munic\u00edpio.<\/p>\n","protected":false},"author":2,"featured_media":47464,"comment_status":"open","ping_status":"open","sticky":false,"template":"","format":"standard","meta":{"om_disable_all_campaigns":false,"_monsterinsights_skip_tracking":false,"_monsterinsights_sitenote_active":false,"_monsterinsights_sitenote_note":"","_monsterinsights_sitenote_category":0,"footnotes":""},"categories":[70,17,69,32,22],"tags":[387,100,71,48,4179,75,4178,4180,129,107,4181,132,230,3828,106,203,120,51,79,356,110,109,88,47,111,76,190],"class_list":["post-47461","post","type-post","status-publish","format-standard","has-post-thumbnail","hentry","category-destaques","category-euclides-da-cunha","category-noticias2","category-regiao","category-seguranca","tag-5o-bpm","tag-adustina","tag-antas","tag-araci","tag-banzae-2","tag-cicero-dantas","tag-cipo-2","tag-crisopolis-2","tag-euclides-da-cunha","tag-fatima","tag-heliopolis-2","tag-itapicuru","tag-jeremoabo","tag-noticias","tag-nova-soure","tag-novo-triunfo","tag-olindina","tag-paripiranga","tag-policia-militar","tag-posse-de-drogas","tag-presos","tag-quijingue","tag-ribeira-do-amparo","tag-ribeira-do-pombal","tag-sitio-do-quinto","tag-trafico-de-drogas","tag-tucano"],"aioseo_notices":[],"_links":{"self":[{"href":"https:\/\/www.portalalerta.com.br\/index.php\/wp-json\/wp\/v2\/posts\/47461","targetHints":{"allow":["GET"]}}],"collection":[{"href":"https:\/\/www.portalalerta.com.br\/index.php\/wp-json\/wp\/v2\/posts"}],"about":[{"href":"https:\/\/www.portalalerta.com.br\/index.php\/wp-json\/wp\/v2\/types\/post"}],"author":[{"embeddable":true,"href":"https:\/\/www.portalalerta.com.br\/index.php\/wp-json\/wp\/v2\/users\/2"}],"replies":[{"embeddable":true,"href":"https:\/\/www.portalalerta.com.br\/index.php\/wp-json\/wp\/v2\/comments?post=47461"}],"version-history":[{"count":1,"href":"https:\/\/www.portalalerta.com.br\/index.php\/wp-json\/wp\/v2\/posts\/47461\/revisions"}],"predecessor-version":[{"id":47465,"href":"https:\/\/www.portalalerta.com.br\/index.php\/wp-json\/wp\/v2\/posts\/47461\/revisions\/47465"}],"wp:featuredmedia":[{"embeddable":true,"href":"https:\/\/www.portalalerta.com.br\/index.php\/wp-json\/wp\/v2\/media\/47464"}],"wp:attachment":[{"href":"https:\/\/www.portalalerta.com.br\/index.php\/wp-json\/wp\/v2\/media?parent=47461"}],"wp:term":[{"taxonomy":"category","embeddable":true,"href":"https:\/\/www.portalalerta.com.br\/index.php\/wp-json\/wp\/v2\/categories?post=47461"},{"taxonomy":"post_tag","embeddable":true,"href":"https:\/\/www.portalalerta.com.br\/index.php\/wp-json\/wp\/v2\/tags?post=47461"}],"curies":[{"name":"wp","href":"https:\/\/api.w.org\/{rel}","templated":true}]}}