{"id":47472,"date":"2023-02-23T07:00:00","date_gmt":"2023-02-23T10:00:00","guid":{"rendered":"https:\/\/www.portalalerta.com.br\/?p=47472"},"modified":"2023-02-22T23:03:27","modified_gmt":"2023-02-23T02:03:27","slug":"quijinguense-e-uma-das-vitimas-da-tragedia-com-temporais-em-sp","status":"publish","type":"post","link":"https:\/\/www.portalalerta.com.br\/index.php\/2023\/02\/23\/quijinguense-e-uma-das-vitimas-da-tragedia-com-temporais-em-sp\/","title":{"rendered":"Quijinguense \u00e9 uma das v\u00edtimas da trag\u00e9dia com temporais em SP"},"content":{"rendered":"\n<p>Temporal que atingiu o litoral norte do estado de S\u00e3o Paulo no \u00faltimo s\u00e1bado (18) fez muitas v\u00edtimas, inclusive \u00f3bitos, al\u00e9m de um rastro de destrui\u00e7\u00e3o. Entre as v\u00edtimas est\u00e1 o jovem Kevin Santos, um quijinguense que morreu aos 19 anos.<\/p>\n\n\n\n<!--more-->\n\n\n<div class=\"wp-block-image\">\n<figure class=\"alignleft size-large is-resized\"><img fetchpriority=\"high\" decoding=\"async\" src=\"https:\/\/www.portalalerta.com.br\/wp-content\/uploads\/2023\/01\/Real-Volta-as-Aulas-2023-816x1024.jpeg\" alt=\"\" class=\"wp-image-46862\" width=\"402\" height=\"504\"\/><\/figure><\/div>\n\n\n<p>Segundo informa\u00e7\u00f5es, Kevin estava na cidade de S\u00e3o Sebasti\u00e3o acompanhado por um grupo de pessoas formado por parentes e amigos. Segundo consta, o grupo havia acabado de se hospedar em uma resid\u00eancia alugada para o per\u00edodo carnavalesco.<\/p>\n\n\n\n<p>Kevin Santos morava em S\u00e3o Paulo, e parte da sua fam\u00edlia reside no distrito de Algod\u00f5es, munic\u00edpio de Quijingue-BA. O corpo deve ser transladado para o munic\u00edpio de Quijingue, onde dever\u00e1 ocorrer o sepultamento.<\/p>\n\n\n\n<p><em>Fonte: euclidesdacunha.com<\/em><\/p>\n","protected":false},"excerpt":{"rendered":"<p>Temporal que atingiu o litoral norte do estado de S\u00e3o Paulo no \u00faltimo s\u00e1bado (18) fez muitas v\u00edtimas, inclusive \u00f3bitos, al\u00e9m de um rastro de destrui\u00e7\u00e3o. Entre as v\u00edtimas est\u00e1 o jovem Kevin Santos, um quijinguense que morreu aos 19 anos.<\/p>\n","protected":false},"author":2,"featured_media":47473,"comment_status":"open","ping_status":"open","sticky":false,"template":"","format":"standard","meta":{"om_disable_all_campaigns":false,"_monsterinsights_skip_tracking":false,"_monsterinsights_sitenote_active":false,"_monsterinsights_sitenote_note":"","_monsterinsights_sitenote_category":0,"footnotes":""},"categories":[34,70,69,43,32],"tags":[100,71,48,4179,93,1977,75,4178,4180,129,107,4181,132,230,169,3828,106,203,120,51,109,88,47,404,111,190],"class_list":["post-47472","post","type-post","status-publish","format-standard","has-post-thumbnail","hentry","category-brasil","category-destaques","category-noticias2","category-quijingue","category-regiao","tag-adustina","tag-antas","tag-araci","tag-banzae-2","tag-brasil","tag-chuvas","tag-cicero-dantas","tag-cipo-2","tag-crisopolis-2","tag-euclides-da-cunha","tag-fatima","tag-heliopolis-2","tag-itapicuru","tag-jeremoabo","tag-morte","tag-noticias","tag-nova-soure","tag-novo-triunfo","tag-olindina","tag-paripiranga","tag-quijingue","tag-ribeira-do-amparo","tag-ribeira-do-pombal","tag-sao-paulo","tag-sitio-do-quinto","tag-tucano"],"aioseo_notices":[],"_links":{"self":[{"href":"https:\/\/www.portalalerta.com.br\/index.php\/wp-json\/wp\/v2\/posts\/47472","targetHints":{"allow":["GET"]}}],"collection":[{"href":"https:\/\/www.portalalerta.com.br\/index.php\/wp-json\/wp\/v2\/posts"}],"about":[{"href":"https:\/\/www.portalalerta.com.br\/index.php\/wp-json\/wp\/v2\/types\/post"}],"author":[{"embeddable":true,"href":"https:\/\/www.portalalerta.com.br\/index.php\/wp-json\/wp\/v2\/users\/2"}],"replies":[{"embeddable":true,"href":"https:\/\/www.portalalerta.com.br\/index.php\/wp-json\/wp\/v2\/comments?post=47472"}],"version-history":[{"count":1,"href":"https:\/\/www.portalalerta.com.br\/index.php\/wp-json\/wp\/v2\/posts\/47472\/revisions"}],"predecessor-version":[{"id":47474,"href":"https:\/\/www.portalalerta.com.br\/index.php\/wp-json\/wp\/v2\/posts\/47472\/revisions\/47474"}],"wp:featuredmedia":[{"embeddable":true,"href":"https:\/\/www.portalalerta.com.br\/index.php\/wp-json\/wp\/v2\/media\/47473"}],"wp:attachment":[{"href":"https:\/\/www.portalalerta.com.br\/index.php\/wp-json\/wp\/v2\/media?parent=47472"}],"wp:term":[{"taxonomy":"category","embeddable":true,"href":"https:\/\/www.portalalerta.com.br\/index.php\/wp-json\/wp\/v2\/categories?post=47472"},{"taxonomy":"post_tag","embeddable":true,"href":"https:\/\/www.portalalerta.com.br\/index.php\/wp-json\/wp\/v2\/tags?post=47472"}],"curies":[{"name":"wp","href":"https:\/\/api.w.org\/{rel}","templated":true}]}}