{"id":47475,"date":"2023-02-23T07:01:00","date_gmt":"2023-02-23T10:01:00","guid":{"rendered":"https:\/\/www.portalalerta.com.br\/?p=47475"},"modified":"2023-02-22T23:07:09","modified_gmt":"2023-02-23T02:07:09","slug":"daniel-alves-tem-recurso-negado-pela-justica-espanhola-jogador-seguira-preso","status":"publish","type":"post","link":"https:\/\/www.portalalerta.com.br\/index.php\/2023\/02\/23\/daniel-alves-tem-recurso-negado-pela-justica-espanhola-jogador-seguira-preso\/","title":{"rendered":"Daniel Alves tem recurso negado pela Justi\u00e7a espanhola; jogador seguir\u00e1 preso"},"content":{"rendered":"\n<p>Daniel Alves teve um recurso negado pela Justi\u00e7a espanhola nesta ter\u00e7a-feira (21). Com isso, o jogador seguir\u00e1 em pris\u00e3o preventiva por risco de fuga.<\/p>\n\n\n\n<!--more-->\n\n\n\n<p>A defesa de Daniel Alves alegou que o jogador tem resid\u00eancia fixa em Barcelona e que n\u00e3o haveria risco de fuga. Os advogados do atleta ainda oferecem entregar os passaportes de Daniel, al\u00e9m dele se apresentar diariamente \u00e0 Justi\u00e7a. No entanto, esses argumentos n\u00e3o foram suficientes para convencerem os ju\u00edzes.<\/p>\n\n\n<div class=\"wp-block-image\">\n<figure class=\"alignleft size-full is-resized\"><img fetchpriority=\"high\" decoding=\"async\" src=\"https:\/\/www.portalalerta.com.br\/wp-content\/uploads\/2021\/04\/ELAB.jpg\" alt=\"\" class=\"wp-image-34795\" width=\"384\" height=\"307\" srcset=\"https:\/\/www.portalalerta.com.br\/wp-content\/uploads\/2021\/04\/ELAB.jpg 1000w, https:\/\/www.portalalerta.com.br\/wp-content\/uploads\/2021\/04\/ELAB-300x240.jpg 300w, https:\/\/www.portalalerta.com.br\/wp-content\/uploads\/2021\/04\/ELAB-768x614.jpg 768w, https:\/\/www.portalalerta.com.br\/wp-content\/uploads\/2021\/04\/ELAB-183x146.jpg 183w, https:\/\/www.portalalerta.com.br\/wp-content\/uploads\/2021\/04\/ELAB-50x40.jpg 50w, https:\/\/www.portalalerta.com.br\/wp-content\/uploads\/2021\/04\/ELAB-94x75.jpg 94w\" sizes=\"(max-width: 384px) 100vw, 384px\" \/><\/figure><\/div>\n\n\n<p>De acordo com o g1.globo, os ju\u00edzes alegaram que existe o risco de Daniel Alves, em raz\u00e3o dos seguintes fatores: a resid\u00eancia principal de Daniel Alves \u00e9 no Brasil; ele tem uma s\u00e9rie de neg\u00f3cios em territ\u00f3rio brasileiro; ele possui ainda condi\u00e7\u00f5es financeiras de alugar um avi\u00e3o para deixar a Espanha sem os controles tradicionais dos aeroportos.<\/p>\n\n\n\n<p>A pris\u00e3o de Daniel Alves aconteceu no dia 20 de janeiro. Ele foi acusado estuprar uma mulher dentro de um banheiro em uma boate na Espanha no fim do ano passado.<\/p>\n\n\n\n<p><em>Fonte: Bahia Not\u00edcias<\/em><\/p>\n","protected":false},"excerpt":{"rendered":"<p>Daniel Alves teve um recurso negado pela Justi\u00e7a espanhola nesta ter\u00e7a-feira (21). Com isso, o jogador seguir\u00e1 em pris\u00e3o preventiva por risco de fuga.<\/p>\n","protected":false},"author":2,"featured_media":46947,"comment_status":"open","ping_status":"open","sticky":false,"template":"","format":"standard","meta":{"om_disable_all_campaigns":false,"_monsterinsights_skip_tracking":false,"_monsterinsights_sitenote_active":false,"_monsterinsights_sitenote_note":"","_monsterinsights_sitenote_category":0,"footnotes":""},"categories":[70,35,69,22],"tags":[100,71,48,4179,75,4178,4180,5864,899,129,107,4181,132,230,339,3828,106,203,120,51,77,109,88,47,111,190],"class_list":["post-47475","post","type-post","status-publish","format-standard","has-post-thumbnail","hentry","category-destaques","category-mundo","category-noticias2","category-seguranca","tag-adustina","tag-antas","tag-araci","tag-banzae-2","tag-cicero-dantas","tag-cipo-2","tag-crisopolis-2","tag-daniel-alves","tag-espanha","tag-euclides-da-cunha","tag-fatima","tag-heliopolis-2","tag-itapicuru","tag-jeremoabo","tag-mundo","tag-noticias","tag-nova-soure","tag-novo-triunfo","tag-olindina","tag-paripiranga","tag-preso","tag-quijingue","tag-ribeira-do-amparo","tag-ribeira-do-pombal","tag-sitio-do-quinto","tag-tucano"],"aioseo_notices":[],"_links":{"self":[{"href":"https:\/\/www.portalalerta.com.br\/index.php\/wp-json\/wp\/v2\/posts\/47475","targetHints":{"allow":["GET"]}}],"collection":[{"href":"https:\/\/www.portalalerta.com.br\/index.php\/wp-json\/wp\/v2\/posts"}],"about":[{"href":"https:\/\/www.portalalerta.com.br\/index.php\/wp-json\/wp\/v2\/types\/post"}],"author":[{"embeddable":true,"href":"https:\/\/www.portalalerta.com.br\/index.php\/wp-json\/wp\/v2\/users\/2"}],"replies":[{"embeddable":true,"href":"https:\/\/www.portalalerta.com.br\/index.php\/wp-json\/wp\/v2\/comments?post=47475"}],"version-history":[{"count":1,"href":"https:\/\/www.portalalerta.com.br\/index.php\/wp-json\/wp\/v2\/posts\/47475\/revisions"}],"predecessor-version":[{"id":47476,"href":"https:\/\/www.portalalerta.com.br\/index.php\/wp-json\/wp\/v2\/posts\/47475\/revisions\/47476"}],"wp:featuredmedia":[{"embeddable":true,"href":"https:\/\/www.portalalerta.com.br\/index.php\/wp-json\/wp\/v2\/media\/46947"}],"wp:attachment":[{"href":"https:\/\/www.portalalerta.com.br\/index.php\/wp-json\/wp\/v2\/media?parent=47475"}],"wp:term":[{"taxonomy":"category","embeddable":true,"href":"https:\/\/www.portalalerta.com.br\/index.php\/wp-json\/wp\/v2\/categories?post=47475"},{"taxonomy":"post_tag","embeddable":true,"href":"https:\/\/www.portalalerta.com.br\/index.php\/wp-json\/wp\/v2\/tags?post=47475"}],"curies":[{"name":"wp","href":"https:\/\/api.w.org\/{rel}","templated":true}]}}