{"id":47490,"date":"2023-02-23T11:03:00","date_gmt":"2023-02-23T14:03:00","guid":{"rendered":"https:\/\/www.portalalerta.com.br\/?p=47490"},"modified":"2023-02-23T00:45:32","modified_gmt":"2023-02-23T03:45:32","slug":"jovem-que-foi-brutalmente-agredido-durante-festa-em-ribeira-do-pombal-ba-esta-na-uti-precisando-de-doacao-de-sangue","status":"publish","type":"post","link":"https:\/\/www.portalalerta.com.br\/index.php\/2023\/02\/23\/jovem-que-foi-brutalmente-agredido-durante-festa-em-ribeira-do-pombal-ba-esta-na-uti-precisando-de-doacao-de-sangue\/","title":{"rendered":"Jovem que foi brutalmente agredido durante festa, em Ribeira do Pombal-BA, est\u00e1 na UTI precisando de doa\u00e7\u00e3o de sangue!"},"content":{"rendered":"\n<p>Jo\u00e3o Vitor Celestino Rocha Goes, est\u00e1 internado na Unidade de Terapia Intensiva (UTI), do Hospital Geral Santa Tereza, em Ribeira do Pombal-BA, precisando de doa\u00e7\u00e3o de sangue considerado raro (O-). &nbsp;<\/p>\n\n\n\n<!--more-->\n\n\n<div class=\"wp-block-image\">\n<figure class=\"alignleft size-full\"><img fetchpriority=\"high\" decoding=\"async\" width=\"400\" height=\"300\" src=\"https:\/\/www.portalalerta.com.br\/wp-content\/uploads\/2023\/01\/Auto-Escola-Sonho.jpg\" alt=\"\" class=\"wp-image-47083\" srcset=\"https:\/\/www.portalalerta.com.br\/wp-content\/uploads\/2023\/01\/Auto-Escola-Sonho.jpg 400w, https:\/\/www.portalalerta.com.br\/wp-content\/uploads\/2023\/01\/Auto-Escola-Sonho-320x240.jpg 320w\" sizes=\"(max-width: 400px) 100vw, 400px\" \/><\/figure><\/div>\n\n\n<p>De acordo com informa\u00e7\u00f5es preliminares, Joao Vitor foi brutalmente agredido por homens que faziam a seguran\u00e7a de um evento festivo no bairro Vila Oper\u00e1ria, zona norte da cidade, ap\u00f3s ter sido flagrado agredindo uma mulher, fato ocorrido na madrugada do \u00faltimo domingo(19).<\/p>\n\n\n\n<p>Gravemente ferido, o rapaz foi levado \u00e0 Unidade Hospitalar onde foi submetido a um procedimento cir\u00fargico, e consequentemente se encontra na UTI.<\/p>\n\n\n\n<p>Para quem desejar fazer doa\u00e7\u00e3o, poder\u00e1 se dirigira at\u00e9 o HEMOBA em Ribeira do Pombal,<\/p>\n\n\n<div class=\"wp-block-image\">\n<figure class=\"aligncenter size-large\"><img decoding=\"async\" width=\"576\" height=\"1024\" src=\"https:\/\/www.portalalerta.com.br\/wp-content\/uploads\/2023\/02\/Joao-Vitor-Celestino-Rocha-Goes-576x1024.jpg\" alt=\"\" class=\"wp-image-47491\" srcset=\"https:\/\/www.portalalerta.com.br\/wp-content\/uploads\/2023\/02\/Joao-Vitor-Celestino-Rocha-Goes-576x1024.jpg 576w, https:\/\/www.portalalerta.com.br\/wp-content\/uploads\/2023\/02\/Joao-Vitor-Celestino-Rocha-Goes-135x240.jpg 135w, https:\/\/www.portalalerta.com.br\/wp-content\/uploads\/2023\/02\/Joao-Vitor-Celestino-Rocha-Goes-768x1366.jpg 768w, https:\/\/www.portalalerta.com.br\/wp-content\/uploads\/2023\/02\/Joao-Vitor-Celestino-Rocha-Goes-864x1536.jpg 864w, https:\/\/www.portalalerta.com.br\/wp-content\/uploads\/2023\/02\/Joao-Vitor-Celestino-Rocha-Goes.jpg 899w\" sizes=\"(max-width: 576px) 100vw, 576px\" \/><\/figure><\/div>\n\n\n<p><em>Reda\u00e7\u00e3o: Porta Alerta &nbsp;<\/em><\/p>\n","protected":false},"excerpt":{"rendered":"<p>Jo\u00e3o Vitor Celestino Rocha Goes, est\u00e1 internado na Unidade de Terapia Intensiva (UTI), do Hospital Geral Santa Tereza, em Ribeira do Pombal-BA, precisando de doa\u00e7\u00e3o de sangue considerado raro (O-). &nbsp;<\/p>\n","protected":false},"author":2,"featured_media":46378,"comment_status":"open","ping_status":"open","sticky":false,"template":"","format":"standard","meta":{"om_disable_all_campaigns":false,"_monsterinsights_skip_tracking":false,"_monsterinsights_sitenote_active":false,"_monsterinsights_sitenote_note":"","_monsterinsights_sitenote_category":0,"footnotes":""},"categories":[70,69,32,3,22],"tags":[100,73,71,48,4179,75,4178,4180,2113,129,107,299,4181,132,230,3828,106,203,120,51,109,88,47,111,190],"class_list":["post-47490","post","type-post","status-publish","format-standard","has-post-thumbnail","hentry","category-destaques","category-noticias2","category-regiao","category-ribeira-do-pombal","category-seguranca","tag-adustina","tag-agressao","tag-antas","tag-araci","tag-banzae-2","tag-cicero-dantas","tag-cipo-2","tag-crisopolis-2","tag-doacao-de-sangue","tag-euclides-da-cunha","tag-fatima","tag-ferido","tag-heliopolis-2","tag-itapicuru","tag-jeremoabo","tag-noticias","tag-nova-soure","tag-novo-triunfo","tag-olindina","tag-paripiranga","tag-quijingue","tag-ribeira-do-amparo","tag-ribeira-do-pombal","tag-sitio-do-quinto","tag-tucano"],"aioseo_notices":[],"_links":{"self":[{"href":"https:\/\/www.portalalerta.com.br\/index.php\/wp-json\/wp\/v2\/posts\/47490","targetHints":{"allow":["GET"]}}],"collection":[{"href":"https:\/\/www.portalalerta.com.br\/index.php\/wp-json\/wp\/v2\/posts"}],"about":[{"href":"https:\/\/www.portalalerta.com.br\/index.php\/wp-json\/wp\/v2\/types\/post"}],"author":[{"embeddable":true,"href":"https:\/\/www.portalalerta.com.br\/index.php\/wp-json\/wp\/v2\/users\/2"}],"replies":[{"embeddable":true,"href":"https:\/\/www.portalalerta.com.br\/index.php\/wp-json\/wp\/v2\/comments?post=47490"}],"version-history":[{"count":1,"href":"https:\/\/www.portalalerta.com.br\/index.php\/wp-json\/wp\/v2\/posts\/47490\/revisions"}],"predecessor-version":[{"id":47492,"href":"https:\/\/www.portalalerta.com.br\/index.php\/wp-json\/wp\/v2\/posts\/47490\/revisions\/47492"}],"wp:featuredmedia":[{"embeddable":true,"href":"https:\/\/www.portalalerta.com.br\/index.php\/wp-json\/wp\/v2\/media\/46378"}],"wp:attachment":[{"href":"https:\/\/www.portalalerta.com.br\/index.php\/wp-json\/wp\/v2\/media?parent=47490"}],"wp:term":[{"taxonomy":"category","embeddable":true,"href":"https:\/\/www.portalalerta.com.br\/index.php\/wp-json\/wp\/v2\/categories?post=47490"},{"taxonomy":"post_tag","embeddable":true,"href":"https:\/\/www.portalalerta.com.br\/index.php\/wp-json\/wp\/v2\/tags?post=47490"}],"curies":[{"name":"wp","href":"https:\/\/api.w.org\/{rel}","templated":true}]}}