{"id":47511,"date":"2023-02-24T10:34:16","date_gmt":"2023-02-24T13:34:16","guid":{"rendered":"https:\/\/www.portalalerta.com.br\/?p=47511"},"modified":"2023-02-24T10:34:17","modified_gmt":"2023-02-24T13:34:17","slug":"bahia-registra-caso-de-doenca-cerebral-sem-cura-e-descarta-relacao-com-mal-da-vaca-louca","status":"publish","type":"post","link":"https:\/\/www.portalalerta.com.br\/index.php\/2023\/02\/24\/bahia-registra-caso-de-doenca-cerebral-sem-cura-e-descarta-relacao-com-mal-da-vaca-louca\/","title":{"rendered":"Bahia registra caso de doen\u00e7a cerebral sem cura e descarta rela\u00e7\u00e3o com mal da vaca louca"},"content":{"rendered":"\n<p>Enfermidade degenerativa foi constatada em paciente de 59 anos, internado em Feira de Santana<\/p>\n\n\n\n<!--more-->\n\n\n\n<p>A Bahia registrou um caso da doen\u00e7a&nbsp;de Creutzfeldt-Jacob (DCJ), conhecida como&nbsp;pri\u00f4nica, segundo a Secretaria de Sa\u00fade do estado (Sesab). O paciente est\u00e1 internado no&nbsp;Hospital Geral Cl\u00e9riston Andrade (HGCA), em Feira de Santana, e&nbsp;apresenta um quadro cl\u00ednico grave e raro.<\/p>\n\n\n<div class=\"wp-block-image\">\n<figure class=\"alignleft size-full is-resized\"><img fetchpriority=\"high\" decoding=\"async\" src=\"https:\/\/www.portalalerta.com.br\/wp-content\/uploads\/2021\/04\/ELAB.jpg\" alt=\"\" class=\"wp-image-34795\" width=\"400\" height=\"319\" srcset=\"https:\/\/www.portalalerta.com.br\/wp-content\/uploads\/2021\/04\/ELAB.jpg 1000w, https:\/\/www.portalalerta.com.br\/wp-content\/uploads\/2021\/04\/ELAB-300x240.jpg 300w, https:\/\/www.portalalerta.com.br\/wp-content\/uploads\/2021\/04\/ELAB-768x614.jpg 768w, https:\/\/www.portalalerta.com.br\/wp-content\/uploads\/2021\/04\/ELAB-183x146.jpg 183w, https:\/\/www.portalalerta.com.br\/wp-content\/uploads\/2021\/04\/ELAB-50x40.jpg 50w, https:\/\/www.portalalerta.com.br\/wp-content\/uploads\/2021\/04\/ELAB-94x75.jpg 94w\" sizes=\"(max-width: 400px) 100vw, 400px\" \/><\/figure><\/div>\n\n\n<p>A doen\u00e7a afeta uma em cada um milh\u00e3o de pessoas, \u00e9 degenerativa e tem progress\u00e3o r\u00e1pida. Segundo a Sesab, o paciente \u00e9&nbsp;um homem de 59 anos sem comorbidades, que foi admitido na unidade em 20 de janeiro sem coordena\u00e7\u00e3o para caminhar, altera\u00e7\u00e3o comportamental,de mem\u00f3ria e visual, movimentos anormais e crises convulsivas.<\/p>\n\n\n\n<p>De acordo com a m\u00e9dica Renata Nunes, coordenadora do servi\u00e7o de neurologia do HGCA, foi descartada a suspeita da doen\u00e7a transmitida pelo consumo da carne bovina,&nbsp;conhecida como&nbsp;&#8220;mal da vaca louca&#8221;.<\/p>\n\n\n\n<p>Apesar disso, a&nbsp;evolu\u00e7\u00e3o cl\u00ednica \u00e9 muito semelhante, com r\u00e1pida progress\u00e3o da patologia e sem op\u00e7\u00f5es terap\u00eauticas dispon\u00edveis. A DCJ \u00e9 uma doen\u00e7a sem cura e o tratamento consiste principalmente em aliviar os sintomas. A enfermidade n\u00e3o \u00e9 contagiosa.<\/p>\n\n\n\n<p><em>Fonte: Metro1<\/em><\/p>\n","protected":false},"excerpt":{"rendered":"<p>Enfermidade degenerativa foi constatada em paciente de 59 anos, internado em Feira de Santana<\/p>\n","protected":false},"author":2,"featured_media":47512,"comment_status":"open","ping_status":"open","sticky":false,"template":"","format":"standard","meta":{"om_disable_all_campaigns":false,"_monsterinsights_skip_tracking":false,"_monsterinsights_sitenote_active":false,"_monsterinsights_sitenote_note":"","_monsterinsights_sitenote_category":0,"footnotes":""},"categories":[33,70,69,19],"tags":[100,71,48,54,4179,75,4178,4180,5925,129,107,377,4181,132,230,3828,106,203,120,51,109,88,47,61,111],"class_list":["post-47511","post","type-post","status-publish","format-standard","has-post-thumbnail","hentry","category-bahia","category-destaques","category-noticias2","category-saude","tag-adustina","tag-antas","tag-araci","tag-bahia","tag-banzae-2","tag-cicero-dantas","tag-cipo-2","tag-crisopolis-2","tag-doenca-de-creutzfeldt-jacob","tag-euclides-da-cunha","tag-fatima","tag-feira-de-santana","tag-heliopolis-2","tag-itapicuru","tag-jeremoabo","tag-noticias","tag-nova-soure","tag-novo-triunfo","tag-olindina","tag-paripiranga","tag-quijingue","tag-ribeira-do-amparo","tag-ribeira-do-pombal","tag-saude","tag-sitio-do-quinto"],"aioseo_notices":[],"_links":{"self":[{"href":"https:\/\/www.portalalerta.com.br\/index.php\/wp-json\/wp\/v2\/posts\/47511","targetHints":{"allow":["GET"]}}],"collection":[{"href":"https:\/\/www.portalalerta.com.br\/index.php\/wp-json\/wp\/v2\/posts"}],"about":[{"href":"https:\/\/www.portalalerta.com.br\/index.php\/wp-json\/wp\/v2\/types\/post"}],"author":[{"embeddable":true,"href":"https:\/\/www.portalalerta.com.br\/index.php\/wp-json\/wp\/v2\/users\/2"}],"replies":[{"embeddable":true,"href":"https:\/\/www.portalalerta.com.br\/index.php\/wp-json\/wp\/v2\/comments?post=47511"}],"version-history":[{"count":1,"href":"https:\/\/www.portalalerta.com.br\/index.php\/wp-json\/wp\/v2\/posts\/47511\/revisions"}],"predecessor-version":[{"id":47513,"href":"https:\/\/www.portalalerta.com.br\/index.php\/wp-json\/wp\/v2\/posts\/47511\/revisions\/47513"}],"wp:featuredmedia":[{"embeddable":true,"href":"https:\/\/www.portalalerta.com.br\/index.php\/wp-json\/wp\/v2\/media\/47512"}],"wp:attachment":[{"href":"https:\/\/www.portalalerta.com.br\/index.php\/wp-json\/wp\/v2\/media?parent=47511"}],"wp:term":[{"taxonomy":"category","embeddable":true,"href":"https:\/\/www.portalalerta.com.br\/index.php\/wp-json\/wp\/v2\/categories?post=47511"},{"taxonomy":"post_tag","embeddable":true,"href":"https:\/\/www.portalalerta.com.br\/index.php\/wp-json\/wp\/v2\/tags?post=47511"}],"curies":[{"name":"wp","href":"https:\/\/api.w.org\/{rel}","templated":true}]}}