{"id":47517,"date":"2023-02-25T22:01:25","date_gmt":"2023-02-26T01:01:25","guid":{"rendered":"https:\/\/www.portalalerta.com.br\/?p=47517"},"modified":"2023-02-25T22:01:27","modified_gmt":"2023-02-26T01:01:27","slug":"jacobina-araci-e-curaca-registram-tremores-de-terra-abalos-nao-causaram-danos","status":"publish","type":"post","link":"https:\/\/www.portalalerta.com.br\/index.php\/2023\/02\/25\/jacobina-araci-e-curaca-registram-tremores-de-terra-abalos-nao-causaram-danos\/","title":{"rendered":"Jacobina, Araci e Cura\u00e7\u00e1 registram tremores de terra; abalos n\u00e3o causaram danos"},"content":{"rendered":"\n<p>Os munic\u00edpios de Jacobina, no Piemonte da Diamantina; Araci, na regi\u00e3o sisaleira; e Cura\u00e7\u00e1, no Sert\u00e3o do S\u00e3o Francisco, registraram tremores de terra de baixa intensidade na \u00faltima sexta-feira (24).<\/p>\n\n\n\n<!--more-->\n\n\n<div class=\"wp-block-image\">\n<figure class=\"alignleft size-large is-resized\"><img fetchpriority=\"high\" decoding=\"async\" src=\"https:\/\/www.portalalerta.com.br\/wp-content\/uploads\/2023\/01\/Real-Volta-as-Aulas-2023-816x1024.jpeg\" alt=\"\" class=\"wp-image-46862\" width=\"455\" height=\"571\"\/><\/figure><\/div>\n\n\n<p>O abalo com maior for\u00e7a foi registrado em Jacobina, com 2.7 de magnitude, ocorrido por volta das 9h49. Os dados s\u00e3o do LabSis [Laborat\u00f3rio Sismol\u00f3gico da Universidade Federal do Rio Grande do Norte]. Mesmo com o tremor acima de 2 n\u00e3o h\u00e1 registro de danos causados tanto a moradores como a im\u00f3veis de Jacobina. Ainda nesta sexta houve um tremor de escala 1.7 em Araci, e outro de 1.6 em Cura\u00e7\u00e1. Em ambos os casos, tamb\u00e9m n\u00e3o h\u00e1 relatos de danos \u00e0s popula\u00e7\u00f5es.<\/p>\n\n\n\n<p>Ainda nesta semana, o LabSis identificou tremores em Mara\u00fa, no Baixo Sul do estado. Segundo o laborat\u00f3rio, na \u00faltima ter\u00e7a-feira (21) ocorreram tr\u00eas tremores de terra, sendo o maior com em 2.0. J\u00e1 na quarta-feira (20) houve um tremor de 1.4 em Jacobina.<\/p>\n\n\n\n<p><em>Fonte: A Voz do Campo<\/em><\/p>\n","protected":false},"excerpt":{"rendered":"<p>Os munic\u00edpios de Jacobina, no Piemonte da Diamantina; Araci, na regi\u00e3o sisaleira; e Cura\u00e7\u00e1, no Sert\u00e3o do S\u00e3o Francisco, registraram tremores de terra de baixa intensidade na \u00faltima sexta-feira (24).<\/p>\n","protected":false},"author":2,"featured_media":31943,"comment_status":"open","ping_status":"open","sticky":false,"template":"","format":"standard","meta":{"om_disable_all_campaigns":false,"_monsterinsights_skip_tracking":false,"_monsterinsights_sitenote_active":false,"_monsterinsights_sitenote_note":"","_monsterinsights_sitenote_category":0,"footnotes":""},"categories":[41,33,70,69,32],"tags":[100,71,48,4179,75,4178,4180,2638,129,107,4181,132,288,230,3828,106,203,120,51,109,88,47,111,2969,190],"class_list":["post-47517","post","type-post","status-publish","format-standard","has-post-thumbnail","hentry","category-araci","category-bahia","category-destaques","category-noticias2","category-regiao","tag-adustina","tag-antas","tag-araci","tag-banzae-2","tag-cicero-dantas","tag-cipo-2","tag-crisopolis-2","tag-curaca","tag-euclides-da-cunha","tag-fatima","tag-heliopolis-2","tag-itapicuru","tag-jacobina","tag-jeremoabo","tag-noticias","tag-nova-soure","tag-novo-triunfo","tag-olindina","tag-paripiranga","tag-quijingue","tag-ribeira-do-amparo","tag-ribeira-do-pombal","tag-sitio-do-quinto","tag-tremores","tag-tucano"],"aioseo_notices":[],"_links":{"self":[{"href":"https:\/\/www.portalalerta.com.br\/index.php\/wp-json\/wp\/v2\/posts\/47517","targetHints":{"allow":["GET"]}}],"collection":[{"href":"https:\/\/www.portalalerta.com.br\/index.php\/wp-json\/wp\/v2\/posts"}],"about":[{"href":"https:\/\/www.portalalerta.com.br\/index.php\/wp-json\/wp\/v2\/types\/post"}],"author":[{"embeddable":true,"href":"https:\/\/www.portalalerta.com.br\/index.php\/wp-json\/wp\/v2\/users\/2"}],"replies":[{"embeddable":true,"href":"https:\/\/www.portalalerta.com.br\/index.php\/wp-json\/wp\/v2\/comments?post=47517"}],"version-history":[{"count":1,"href":"https:\/\/www.portalalerta.com.br\/index.php\/wp-json\/wp\/v2\/posts\/47517\/revisions"}],"predecessor-version":[{"id":47518,"href":"https:\/\/www.portalalerta.com.br\/index.php\/wp-json\/wp\/v2\/posts\/47517\/revisions\/47518"}],"wp:featuredmedia":[{"embeddable":true,"href":"https:\/\/www.portalalerta.com.br\/index.php\/wp-json\/wp\/v2\/media\/31943"}],"wp:attachment":[{"href":"https:\/\/www.portalalerta.com.br\/index.php\/wp-json\/wp\/v2\/media?parent=47517"}],"wp:term":[{"taxonomy":"category","embeddable":true,"href":"https:\/\/www.portalalerta.com.br\/index.php\/wp-json\/wp\/v2\/categories?post=47517"},{"taxonomy":"post_tag","embeddable":true,"href":"https:\/\/www.portalalerta.com.br\/index.php\/wp-json\/wp\/v2\/tags?post=47517"}],"curies":[{"name":"wp","href":"https:\/\/api.w.org\/{rel}","templated":true}]}}