{"id":47519,"date":"2023-02-25T22:08:35","date_gmt":"2023-02-26T01:08:35","guid":{"rendered":"https:\/\/www.portalalerta.com.br\/?p=47519"},"modified":"2023-02-25T22:08:36","modified_gmt":"2023-02-26T01:08:36","slug":"com-milhares-de-mortos-e-refugiados-guerra-na-ucrania-completa-um-ano","status":"publish","type":"post","link":"https:\/\/www.portalalerta.com.br\/index.php\/2023\/02\/25\/com-milhares-de-mortos-e-refugiados-guerra-na-ucrania-completa-um-ano\/","title":{"rendered":"Com milhares de mortos e refugiados, guerra na Ucr\u00e2nia completa um ano"},"content":{"rendered":"\n<p>R\u00fassia e Ucr\u00e2nia completaram nesta sexta-feira (24) um ano de conflito. Milhares de vidas foram ceifadas, milh\u00f5es de pessoas tiveram de deixar suas casas para tentar a vida em outros pa\u00edses e milh\u00f5es de crian\u00e7as abandonaram as escolas.<\/p>\n\n\n\n<!--more-->\n\n\n\n<p>Verdades e mentiras s\u00e3o espalhadas n\u00e3o apenas pela internet, mas tamb\u00e9m por fontes oficiais. Para se ter uma ideia do desencontro de informa\u00e7\u00f5es, o n\u00famero de mortos varia, dependendo da fonte, de cerca de 7 mil, segundo a Organiza\u00e7\u00e3o das Na\u00e7\u00f5es Unidas (ONU), a mais de 300 mil, de acordo com fontes militares consultadas por m\u00eddias europeias.<\/p>\n\n\n\n<p>Em meio a todo esse cen\u00e1rio de d\u00favidas e incertezas, a Ag\u00eancia Brasil buscou com especialistas e intelectuais refer\u00eancias que possibilitem aos leitores entender o que est\u00e1, de fato, por tr\u00e1s do conflito. Professor do Instituto de Rela\u00e7\u00f5es Internacionais da Universidade de Bras\u00edlia (UnB), Roberto Goulart Menezes explica que o embate vai muito al\u00e9m de duas na\u00e7\u00f5es, o que de certa forma lembra a antiga Guerra Fria, na qual os Estados Unidos (EUA) e a Uni\u00e3o Sovi\u00e9tica se enfrentavam indiretamente, na busca por ampliar \u00e1reas de influ\u00eancia em diferentes regi\u00f5es do planeta. <strong><em>\u201cPodemos denominar o conflito como uma guerra por procura\u00e7\u00e3o, ap\u00f3s a R\u00fassia ter violado a soberania territorial e o direito internacional, quando invadiu a Ucr\u00e2nia em 24 de fevereiro de 2022\u201d<\/em><\/strong>, diz o professor. Segundo ele, ao enfrentar a Ucr\u00e2nia, a R\u00fassia tem um embate <strong><em>\u201ccontra a Otan [Organiza\u00e7\u00e3o do Tratado do Atl\u00e2ntico Norte] e contra a principal lideran\u00e7a do grupo: os Estados Unidos, embora n\u00e3o estejam diretamente atuando no conflito\u201d<\/em><\/strong>. <strong><em>\u201cO que est\u00e1 acontecendo, na realidade, n\u00e3o \u00e9 guerra da Ucr\u00e2nia. \u00c9 guerra na Ucr\u00e2nia. \u00c9 uma guerra do Ocidente contra a R\u00fassia\u201d<\/em><\/strong>, afirma o diretor do Instituto de Pol\u00edticas P\u00fablicas e Rela\u00e7\u00f5es Internacionais da Universidade Estadual Paulista (Unesp), professor Hector Luis Saint-Pierre.<\/p>\n\n\n\n<p>Fonte: A Voz do Campo<\/p>\n","protected":false},"excerpt":{"rendered":"<p>R\u00fassia e Ucr\u00e2nia completaram nesta sexta-feira (24) um ano de conflito. Milhares de vidas foram ceifadas, milh\u00f5es de pessoas tiveram de deixar suas casas para tentar a vida em outros pa\u00edses e milh\u00f5es de crian\u00e7as abandonaram as escolas.<\/p>\n","protected":false},"author":2,"featured_media":47520,"comment_status":"open","ping_status":"open","sticky":false,"template":"","format":"standard","meta":{"om_disable_all_campaigns":false,"_monsterinsights_skip_tracking":false,"_monsterinsights_sitenote_active":false,"_monsterinsights_sitenote_note":"","_monsterinsights_sitenote_category":0,"footnotes":""},"categories":[70,35,69],"tags":[100,71,48,4179,75,4178,4180,129,107,835,4181,132,230,339,3828,106,203,120,51,109,88,47,826,111,190,3331],"class_list":["post-47519","post","type-post","status-publish","format-standard","has-post-thumbnail","hentry","category-destaques","category-mundo","category-noticias2","tag-adustina","tag-antas","tag-araci","tag-banzae-2","tag-cicero-dantas","tag-cipo-2","tag-crisopolis-2","tag-euclides-da-cunha","tag-fatima","tag-guerra","tag-heliopolis-2","tag-itapicuru","tag-jeremoabo","tag-mundo","tag-noticias","tag-nova-soure","tag-novo-triunfo","tag-olindina","tag-paripiranga","tag-quijingue","tag-ribeira-do-amparo","tag-ribeira-do-pombal","tag-russia","tag-sitio-do-quinto","tag-tucano","tag-ucrania"],"aioseo_notices":[],"_links":{"self":[{"href":"https:\/\/www.portalalerta.com.br\/index.php\/wp-json\/wp\/v2\/posts\/47519","targetHints":{"allow":["GET"]}}],"collection":[{"href":"https:\/\/www.portalalerta.com.br\/index.php\/wp-json\/wp\/v2\/posts"}],"about":[{"href":"https:\/\/www.portalalerta.com.br\/index.php\/wp-json\/wp\/v2\/types\/post"}],"author":[{"embeddable":true,"href":"https:\/\/www.portalalerta.com.br\/index.php\/wp-json\/wp\/v2\/users\/2"}],"replies":[{"embeddable":true,"href":"https:\/\/www.portalalerta.com.br\/index.php\/wp-json\/wp\/v2\/comments?post=47519"}],"version-history":[{"count":1,"href":"https:\/\/www.portalalerta.com.br\/index.php\/wp-json\/wp\/v2\/posts\/47519\/revisions"}],"predecessor-version":[{"id":47521,"href":"https:\/\/www.portalalerta.com.br\/index.php\/wp-json\/wp\/v2\/posts\/47519\/revisions\/47521"}],"wp:featuredmedia":[{"embeddable":true,"href":"https:\/\/www.portalalerta.com.br\/index.php\/wp-json\/wp\/v2\/media\/47520"}],"wp:attachment":[{"href":"https:\/\/www.portalalerta.com.br\/index.php\/wp-json\/wp\/v2\/media?parent=47519"}],"wp:term":[{"taxonomy":"category","embeddable":true,"href":"https:\/\/www.portalalerta.com.br\/index.php\/wp-json\/wp\/v2\/categories?post=47519"},{"taxonomy":"post_tag","embeddable":true,"href":"https:\/\/www.portalalerta.com.br\/index.php\/wp-json\/wp\/v2\/tags?post=47519"}],"curies":[{"name":"wp","href":"https:\/\/api.w.org\/{rel}","templated":true}]}}