{"id":47534,"date":"2023-02-26T12:01:00","date_gmt":"2023-02-26T15:01:00","guid":{"rendered":"https:\/\/www.portalalerta.com.br\/?p=47534"},"modified":"2023-02-26T00:29:26","modified_gmt":"2023-02-26T03:29:26","slug":"exercito-cumpre-ordem-da-cgu-e-tira-sigilo-de-processo-contra-pazuello","status":"publish","type":"post","link":"https:\/\/www.portalalerta.com.br\/index.php\/2023\/02\/26\/exercito-cumpre-ordem-da-cgu-e-tira-sigilo-de-processo-contra-pazuello\/","title":{"rendered":"Ex\u00e9rcito cumpre ordem da CGU e tira sigilo de processo contra Pazuello"},"content":{"rendered":"\n<p>Ex-ministro foi alvo de investiga\u00e7\u00e3o disciplinar por ter participado de ato pol\u00edtico ao lado do ex-presidente Jair Bolsonaro em 2021<\/p>\n\n\n\n<!--more-->\n\n\n\n<p>Uma semana ap\u00f3s a Controladoria Geral da Uni\u00e3o (CGU) determinar, o Comando do Ex\u00e9rcito divulgou o processo administrativo aberto contra o general e ex-ministro da Sa\u00fade Eduardo Pazuello em maio de 2021 e colocado em 100 anos de sigilo pelo governo Bolsonaro.<\/p>\n\n\n<div class=\"wp-block-image\">\n<figure class=\"alignleft size-full is-resized\"><img fetchpriority=\"high\" decoding=\"async\" src=\"https:\/\/www.portalalerta.com.br\/wp-content\/uploads\/2021\/04\/ELAB.jpg\" alt=\"\" class=\"wp-image-34795\" width=\"406\" height=\"324\" srcset=\"https:\/\/www.portalalerta.com.br\/wp-content\/uploads\/2021\/04\/ELAB.jpg 1000w, https:\/\/www.portalalerta.com.br\/wp-content\/uploads\/2021\/04\/ELAB-300x240.jpg 300w, https:\/\/www.portalalerta.com.br\/wp-content\/uploads\/2021\/04\/ELAB-768x614.jpg 768w, https:\/\/www.portalalerta.com.br\/wp-content\/uploads\/2021\/04\/ELAB-183x146.jpg 183w, https:\/\/www.portalalerta.com.br\/wp-content\/uploads\/2021\/04\/ELAB-50x40.jpg 50w, https:\/\/www.portalalerta.com.br\/wp-content\/uploads\/2021\/04\/ELAB-94x75.jpg 94w\" sizes=\"(max-width: 406px) 100vw, 406px\" \/><\/figure><\/div>\n\n\n<p>Pazuello foi alvo de investiga\u00e7\u00e3o disciplinar por ter participado de ato pol\u00edtico ao lado do ex-presidente Jair Bolsonaro em 2021. Ele participou de uma motociata e discursou em um trio el\u00e9trico acompanhado de Bolsonaro, em um momento em que o pa\u00eds enfrentava os piores momentos da pandemia da covid-19.<\/p>\n\n\n\n<p>Com 17 p\u00e1ginas, a documenta\u00e7\u00e3o se resume \u00e0 defesa do ex-ministro e \u00e0 resposta do ent\u00e3o comandante do Ex\u00e9rcito, Paulo Sergio Nogueira, que absolveu o oficial.<\/p>\n\n\n\n<p>Nas seis p\u00e1ginas de sua defesa, o ex-ministro sustentou que foi surpreendido ao ser convidado pelo ent\u00e3o presidente para subir em um carro de som e fazer discurso no ato. Ele diz ainda que atendeu ao pedido por respeito e pela \u201ccamaradagem\u201d entre ele e o presidente.&nbsp;<\/p>\n\n\n\n<p>O Ex\u00e9rcito forneceu a documenta\u00e7\u00e3o a ve\u00edculos de comunica\u00e7\u00e3o que haviam pedido o acesso aos autos via Lei de Acesso \u00e0 Informa\u00e7\u00e3o (LAI). Desde 2021, o fornecimento do documento era negado a quem pedia acesso com base na LAI.<\/p>\n\n\n\n<p><em>Fonte: Metro1<\/em><\/p>\n","protected":false},"excerpt":{"rendered":"<p>Ex-ministro foi alvo de investiga\u00e7\u00e3o disciplinar por ter participado de ato pol\u00edtico ao lado do ex-presidente Jair Bolsonaro em 2021<\/p>\n","protected":false},"author":2,"featured_media":35540,"comment_status":"open","ping_status":"open","sticky":false,"template":"","format":"standard","meta":{"om_disable_all_campaigns":false,"_monsterinsights_skip_tracking":false,"_monsterinsights_sitenote_active":false,"_monsterinsights_sitenote_note":"","_monsterinsights_sitenote_category":0,"footnotes":""},"categories":[34,70,69,21],"tags":[100,71,48,4179,93,75,4178,4180,3661,129,107,4181,132,230,3828,106,203,120,51,3671,109,88,47,111,190],"class_list":["post-47534","post","type-post","status-publish","format-standard","has-post-thumbnail","hentry","category-brasil","category-destaques","category-noticias2","category-politica","tag-adustina","tag-antas","tag-araci","tag-banzae-2","tag-brasil","tag-cicero-dantas","tag-cipo-2","tag-crisopolis-2","tag-eduardo-pazuello","tag-euclides-da-cunha","tag-fatima","tag-heliopolis-2","tag-itapicuru","tag-jeremoabo","tag-noticias","tag-nova-soure","tag-novo-triunfo","tag-olindina","tag-paripiranga","tag-quebra-de-sigilo","tag-quijingue","tag-ribeira-do-amparo","tag-ribeira-do-pombal","tag-sitio-do-quinto","tag-tucano"],"aioseo_notices":[],"_links":{"self":[{"href":"https:\/\/www.portalalerta.com.br\/index.php\/wp-json\/wp\/v2\/posts\/47534","targetHints":{"allow":["GET"]}}],"collection":[{"href":"https:\/\/www.portalalerta.com.br\/index.php\/wp-json\/wp\/v2\/posts"}],"about":[{"href":"https:\/\/www.portalalerta.com.br\/index.php\/wp-json\/wp\/v2\/types\/post"}],"author":[{"embeddable":true,"href":"https:\/\/www.portalalerta.com.br\/index.php\/wp-json\/wp\/v2\/users\/2"}],"replies":[{"embeddable":true,"href":"https:\/\/www.portalalerta.com.br\/index.php\/wp-json\/wp\/v2\/comments?post=47534"}],"version-history":[{"count":1,"href":"https:\/\/www.portalalerta.com.br\/index.php\/wp-json\/wp\/v2\/posts\/47534\/revisions"}],"predecessor-version":[{"id":47535,"href":"https:\/\/www.portalalerta.com.br\/index.php\/wp-json\/wp\/v2\/posts\/47534\/revisions\/47535"}],"wp:featuredmedia":[{"embeddable":true,"href":"https:\/\/www.portalalerta.com.br\/index.php\/wp-json\/wp\/v2\/media\/35540"}],"wp:attachment":[{"href":"https:\/\/www.portalalerta.com.br\/index.php\/wp-json\/wp\/v2\/media?parent=47534"}],"wp:term":[{"taxonomy":"category","embeddable":true,"href":"https:\/\/www.portalalerta.com.br\/index.php\/wp-json\/wp\/v2\/categories?post=47534"},{"taxonomy":"post_tag","embeddable":true,"href":"https:\/\/www.portalalerta.com.br\/index.php\/wp-json\/wp\/v2\/tags?post=47534"}],"curies":[{"name":"wp","href":"https:\/\/api.w.org\/{rel}","templated":true}]}}