{"id":47536,"date":"2023-02-26T12:02:00","date_gmt":"2023-02-26T15:02:00","guid":{"rendered":"https:\/\/www.portalalerta.com.br\/?p=47536"},"modified":"2023-02-26T00:39:42","modified_gmt":"2023-02-26T03:39:42","slug":"motocicleta-furtada-em-monte-santo-ba-e-recuperada-em-euclides-da-cunha-ba-autor-do-crime-morreu-em-confronto-com-a-policia","status":"publish","type":"post","link":"https:\/\/www.portalalerta.com.br\/index.php\/2023\/02\/26\/motocicleta-furtada-em-monte-santo-ba-e-recuperada-em-euclides-da-cunha-ba-autor-do-crime-morreu-em-confronto-com-a-policia\/","title":{"rendered":"Motocicleta furtada em Monte Santo-BA \u00e9 recuperada em Euclides da Cunha-BA; autor do crime morreu em confronto com a Pol\u00edcia"},"content":{"rendered":"\n<p>Uma motocicleta furtada na cidade de Monte Santo-BA foi recuperada na \u00faltima quarta-feira (23) pela Pol\u00edcia Civil da Bahia, em Euclides da Cunha-BA. Na a\u00e7\u00e3o policial, o autor do crime morreu em confronto com a Pol\u00edcia Militar da Bahia.<\/p>\n\n\n\n<!--more-->\n\n\n<div class=\"wp-block-image\">\n<figure class=\"alignleft size-full\"><img fetchpriority=\"high\" decoding=\"async\" width=\"400\" height=\"300\" src=\"https:\/\/www.portalalerta.com.br\/wp-content\/uploads\/2023\/01\/Auto-Escola-Sonho.jpg\" alt=\"\" class=\"wp-image-47083\" srcset=\"https:\/\/www.portalalerta.com.br\/wp-content\/uploads\/2023\/01\/Auto-Escola-Sonho.jpg 400w, https:\/\/www.portalalerta.com.br\/wp-content\/uploads\/2023\/01\/Auto-Escola-Sonho-320x240.jpg 320w\" sizes=\"(max-width: 400px) 100vw, 400px\" \/><\/figure><\/div>\n\n\n<p>A motocicleta foi furtada na ter\u00e7a-feira (21). De l\u00e1, o criminoso fugiu para o munic\u00edpio de Euclides da Cunha, onde escondeu a motocicleta e iniciou seu retorno para o munic\u00edpio de Monte Santo. Com dados preliminares, policiais militares foram em busca do malfeitor, que teria disparado contra a guarni\u00e7\u00e3o policial que revidou e atingiu o criminoso.<\/p>\n\n\n\n<p>A motocicleta foi recuperada em um matagal, ap\u00f3s minuciosa investiga\u00e7\u00e3o realiza\u00e7\u00e3o pela Pol\u00edcia Civil de Euclides da Cunha.<\/p>\n\n\n\n<p><em>Fonte: euclidesdacunha.com<\/em><\/p>\n","protected":false},"excerpt":{"rendered":"<p>Uma motocicleta furtada na cidade de Monte Santo-BA foi recuperada na \u00faltima quarta-feira (23) pela Pol\u00edcia Civil da Bahia, em Euclides da Cunha-BA. Na a\u00e7\u00e3o policial, o autor do crime morreu em confronto com a Pol\u00edcia Militar da Bahia.<\/p>\n","protected":false},"author":2,"featured_media":47537,"comment_status":"open","ping_status":"open","sticky":false,"template":"","format":"standard","meta":{"om_disable_all_campaigns":false,"_monsterinsights_skip_tracking":false,"_monsterinsights_sitenote_active":false,"_monsterinsights_sitenote_note":"","_monsterinsights_sitenote_category":0,"footnotes":""},"categories":[33,70,17,69,32,22],"tags":[387,100,71,48,4179,75,4178,178,4180,129,107,4181,132,230,627,169,3828,106,203,120,51,79,109,88,47,101,111,190,102],"class_list":["post-47536","post","type-post","status-publish","format-standard","has-post-thumbnail","hentry","category-bahia","category-destaques","category-euclides-da-cunha","category-noticias2","category-regiao","category-seguranca","tag-5o-bpm","tag-adustina","tag-antas","tag-araci","tag-banzae-2","tag-cicero-dantas","tag-cipo-2","tag-confronto","tag-crisopolis-2","tag-euclides-da-cunha","tag-fatima","tag-heliopolis-2","tag-itapicuru","tag-jeremoabo","tag-monte-santo","tag-morte","tag-noticias","tag-nova-soure","tag-novo-triunfo","tag-olindina","tag-paripiranga","tag-policia-militar","tag-quijingue","tag-ribeira-do-amparo","tag-ribeira-do-pombal","tag-roubo-de-moto","tag-sitio-do-quinto","tag-tucano","tag-veiculo-recuperado"],"aioseo_notices":[],"_links":{"self":[{"href":"https:\/\/www.portalalerta.com.br\/index.php\/wp-json\/wp\/v2\/posts\/47536","targetHints":{"allow":["GET"]}}],"collection":[{"href":"https:\/\/www.portalalerta.com.br\/index.php\/wp-json\/wp\/v2\/posts"}],"about":[{"href":"https:\/\/www.portalalerta.com.br\/index.php\/wp-json\/wp\/v2\/types\/post"}],"author":[{"embeddable":true,"href":"https:\/\/www.portalalerta.com.br\/index.php\/wp-json\/wp\/v2\/users\/2"}],"replies":[{"embeddable":true,"href":"https:\/\/www.portalalerta.com.br\/index.php\/wp-json\/wp\/v2\/comments?post=47536"}],"version-history":[{"count":1,"href":"https:\/\/www.portalalerta.com.br\/index.php\/wp-json\/wp\/v2\/posts\/47536\/revisions"}],"predecessor-version":[{"id":47538,"href":"https:\/\/www.portalalerta.com.br\/index.php\/wp-json\/wp\/v2\/posts\/47536\/revisions\/47538"}],"wp:featuredmedia":[{"embeddable":true,"href":"https:\/\/www.portalalerta.com.br\/index.php\/wp-json\/wp\/v2\/media\/47537"}],"wp:attachment":[{"href":"https:\/\/www.portalalerta.com.br\/index.php\/wp-json\/wp\/v2\/media?parent=47536"}],"wp:term":[{"taxonomy":"category","embeddable":true,"href":"https:\/\/www.portalalerta.com.br\/index.php\/wp-json\/wp\/v2\/categories?post=47536"},{"taxonomy":"post_tag","embeddable":true,"href":"https:\/\/www.portalalerta.com.br\/index.php\/wp-json\/wp\/v2\/tags?post=47536"}],"curies":[{"name":"wp","href":"https:\/\/api.w.org\/{rel}","templated":true}]}}