{"id":47539,"date":"2023-02-26T12:03:00","date_gmt":"2023-02-26T15:03:00","guid":{"rendered":"https:\/\/www.portalalerta.com.br\/?p=47539"},"modified":"2023-02-26T00:44:01","modified_gmt":"2023-02-26T03:44:01","slug":"apos-sentir-fortes-dores-presidente-lula-faz-exame-de-ressonancia-magnetica-no-quadril","status":"publish","type":"post","link":"https:\/\/www.portalalerta.com.br\/index.php\/2023\/02\/26\/apos-sentir-fortes-dores-presidente-lula-faz-exame-de-ressonancia-magnetica-no-quadril\/","title":{"rendered":"Ap\u00f3s sentir fortes dores, presidente Lula faz exame de resson\u00e2ncia magn\u00e9tica no quadril"},"content":{"rendered":"\n<p>O presidente Luiz In\u00e1cio Lula da Silva realizou um exame de resson\u00e2ncia magn\u00e9tica no quadril na manh\u00e3 deste s\u00e1bado (25), em um hospital de Bras\u00edlia.<\/p>\n\n\n\n<!--more-->\n\n\n<div class=\"wp-block-image\">\n<figure class=\"alignleft size-large is-resized\"><img fetchpriority=\"high\" decoding=\"async\" src=\"https:\/\/www.portalalerta.com.br\/wp-content\/uploads\/2023\/01\/Real-Volta-as-Aulas-2023-816x1024.jpeg\" alt=\"\" class=\"wp-image-46862\" width=\"395\" height=\"496\"\/><\/figure><\/div>\n\n\n<p>De acordo com o g1, Lula tem se queixado de dores que, por vezes, se estendem por dias, depois que retomou a pr\u00e1tica de exerc\u00edcios f\u00edsicos.&nbsp;<\/p>\n\n\n\n<p>Ao portal, a assessoria do presidente afirmou que o exame j\u00e1 estava programado como parte de um acompanhamento das sess\u00f5es de fisioterapia que Lula tem feito. O presidente tem realizado exerc\u00edcios para fortalecimento muscular.<\/p>\n\n\n\n<p>Devido a isso, os m\u00e9dicos pediram que o presidente fizesse a resson\u00e2ncia para avaliar e definir a intensidade dos exerc\u00edcios.<\/p>\n\n\n\n<p><em>Fonte: Bahia Not\u00edcias<\/em><\/p>\n","protected":false},"excerpt":{"rendered":"<p>O presidente Luiz In\u00e1cio Lula da Silva realizou um exame de resson\u00e2ncia magn\u00e9tica no quadril na manh\u00e3 deste s\u00e1bado (25), em um hospital de Bras\u00edlia.<\/p>\n","protected":false},"author":2,"featured_media":32169,"comment_status":"open","ping_status":"open","sticky":false,"template":"","format":"standard","meta":{"om_disable_all_campaigns":false,"_monsterinsights_skip_tracking":false,"_monsterinsights_sitenote_active":false,"_monsterinsights_sitenote_note":"","_monsterinsights_sitenote_category":0,"footnotes":""},"categories":[34,70,69,21],"tags":[100,71,48,4179,93,75,4178,4180,129,1463,107,4181,132,230,303,3828,106,203,120,51,1152,109,88,47,111,190],"class_list":["post-47539","post","type-post","status-publish","format-standard","has-post-thumbnail","hentry","category-brasil","category-destaques","category-noticias2","category-politica","tag-adustina","tag-antas","tag-araci","tag-banzae-2","tag-brasil","tag-cicero-dantas","tag-cipo-2","tag-crisopolis-2","tag-euclides-da-cunha","tag-exame","tag-fatima","tag-heliopolis-2","tag-itapicuru","tag-jeremoabo","tag-lula","tag-noticias","tag-nova-soure","tag-novo-triunfo","tag-olindina","tag-paripiranga","tag-presidente-da-republica","tag-quijingue","tag-ribeira-do-amparo","tag-ribeira-do-pombal","tag-sitio-do-quinto","tag-tucano"],"aioseo_notices":[],"_links":{"self":[{"href":"https:\/\/www.portalalerta.com.br\/index.php\/wp-json\/wp\/v2\/posts\/47539","targetHints":{"allow":["GET"]}}],"collection":[{"href":"https:\/\/www.portalalerta.com.br\/index.php\/wp-json\/wp\/v2\/posts"}],"about":[{"href":"https:\/\/www.portalalerta.com.br\/index.php\/wp-json\/wp\/v2\/types\/post"}],"author":[{"embeddable":true,"href":"https:\/\/www.portalalerta.com.br\/index.php\/wp-json\/wp\/v2\/users\/2"}],"replies":[{"embeddable":true,"href":"https:\/\/www.portalalerta.com.br\/index.php\/wp-json\/wp\/v2\/comments?post=47539"}],"version-history":[{"count":1,"href":"https:\/\/www.portalalerta.com.br\/index.php\/wp-json\/wp\/v2\/posts\/47539\/revisions"}],"predecessor-version":[{"id":47540,"href":"https:\/\/www.portalalerta.com.br\/index.php\/wp-json\/wp\/v2\/posts\/47539\/revisions\/47540"}],"wp:featuredmedia":[{"embeddable":true,"href":"https:\/\/www.portalalerta.com.br\/index.php\/wp-json\/wp\/v2\/media\/32169"}],"wp:attachment":[{"href":"https:\/\/www.portalalerta.com.br\/index.php\/wp-json\/wp\/v2\/media?parent=47539"}],"wp:term":[{"taxonomy":"category","embeddable":true,"href":"https:\/\/www.portalalerta.com.br\/index.php\/wp-json\/wp\/v2\/categories?post=47539"},{"taxonomy":"post_tag","embeddable":true,"href":"https:\/\/www.portalalerta.com.br\/index.php\/wp-json\/wp\/v2\/tags?post=47539"}],"curies":[{"name":"wp","href":"https:\/\/api.w.org\/{rel}","templated":true}]}}