{"id":47591,"date":"2023-02-28T16:00:00","date_gmt":"2023-02-28T19:00:00","guid":{"rendered":"https:\/\/www.portalalerta.com.br\/?p=47591"},"modified":"2023-02-28T17:01:41","modified_gmt":"2023-02-28T20:01:41","slug":"bandeira-tarifaria-das-contas-de-luz-sera-verde-em-marco-anuncia-aneel","status":"publish","type":"post","link":"https:\/\/www.portalalerta.com.br\/index.php\/2023\/02\/28\/bandeira-tarifaria-das-contas-de-luz-sera-verde-em-marco-anuncia-aneel\/","title":{"rendered":"Bandeira tarif\u00e1ria das contas de luz ser\u00e1 verde em mar\u00e7o, anuncia Aneel"},"content":{"rendered":"\n<p>A bandeira tarif\u00e1ria continuar\u00e1 verde \u2014 ou seja, sem a cobran\u00e7a de valor adicional \u2014 nas contas de luz de mar\u00e7o para todos os brasileiros. A informa\u00e7\u00e3o foi confirmada pela Ag\u00eancia Nacional de Energia El\u00e9trica (Aneel). Segundo o \u00f3rg\u00e3o regulador, as condi\u00e7\u00f5es para a gera\u00e7\u00e3o no pa\u00eds est\u00e3o favor\u00e1veis, cen\u00e1rio que se mant\u00e9m desde abril de 2022.<\/p>\n\n\n\n<!--more-->\n\n\n\n<p>A bandeira verde ser\u00e1 v\u00e1lida para todos os consumidores conectados ao Sistema Interligado Nacional (malha de linhas de transmiss\u00e3o de energia el\u00e9trica que conecta as usinas aos usu\u00e1rios).<\/p>\n\n\n\n<p>O objetivo desse modelo tarif\u00e1rio \u2014 quando a bandeira est\u00e1 amarela ou vermelha \u2014 \u00e9 desestimular o consumo de energia el\u00e9trica, com cobran\u00e7as extras nas contas, quando as condi\u00e7\u00f5es de gera\u00e7\u00e3o no pa\u00eds n\u00e3o s\u00e3o favor\u00e1veis.<\/p>\n\n\n\n<p>A ideia \u00e9 evitar o acionamento de usinas termel\u00e9tricas, que geram energia mais cara, quando os n\u00edveis dos reservat\u00f3rios das usinas hidrel\u00e9tricas est\u00e3o baixos, em fun\u00e7\u00e3o da redu\u00e7\u00e3o das chuvas.<\/p>\n\n\n\n<p>O sistema de bandeiras &#8220;possibilita que os consumidores conhe\u00e7am mensalmente a situa\u00e7\u00e3o da gera\u00e7\u00e3o de energia&#8221;, ressaltou Sandoval Feitosa, diretor-geral da Aneel.<\/p>\n\n\n\n<p>O mecanismo das bandeiras tarif\u00e1rias foi criado em 2015.<\/p>\n\n\n\n<p>A bandeira tarif\u00e1ria passou a ser verde para todos os consumidores brasileiros em 16 de abril de 2022, quando terminou a vig\u00eancia da bandeira de escassez h\u00eddrica, institu\u00edda de forma emergencial por conta do baixo n\u00edvel dos reservat\u00f3rios das usinas hidrel\u00e9tricas e da necessidade de acionamento de termel\u00e9tricas.<\/p>\n\n\n\n<p>Para os benefici\u00e1rios de baixa renda, que usufruem da tarifa social de energia el\u00e9trica e ficaram de fora da cobran\u00e7a adicional decorrente da escassez h\u00eddrica, a bandeira \u00e9 verde desde dezembro de 2021.<\/p>\n\n\n\n<p><em>Fonte: Yahoo Not\u00edcias<\/em><\/p>\n","protected":false},"excerpt":{"rendered":"<p>A bandeira tarif\u00e1ria continuar\u00e1 verde \u2014 ou seja, sem a cobran\u00e7a de valor adicional \u2014 nas contas de luz de mar\u00e7o para todos os brasileiros. A informa\u00e7\u00e3o foi confirmada pela Ag\u00eancia Nacional de Energia El\u00e9trica (Aneel). Segundo o \u00f3rg\u00e3o regulador, as condi\u00e7\u00f5es para a gera\u00e7\u00e3o no pa\u00eds est\u00e3o favor\u00e1veis, cen\u00e1rio que se mant\u00e9m desde abril &hellip;<\/p>\n","protected":false},"author":2,"featured_media":42257,"comment_status":"open","ping_status":"open","sticky":false,"template":"","format":"standard","meta":{"om_disable_all_campaigns":false,"_monsterinsights_skip_tracking":false,"_monsterinsights_sitenote_active":false,"_monsterinsights_sitenote_note":"","_monsterinsights_sitenote_category":0,"footnotes":""},"categories":[34,70,69],"tags":[100,71,48,5928,4179,93,75,4178,950,4180,3005,129,107,4181,132,230,3828,106,203,120,51,109,88,47,111,190],"class_list":["post-47591","post","type-post","status-publish","format-standard","has-post-thumbnail","hentry","category-brasil","category-destaques","category-noticias2","tag-adustina","tag-antas","tag-araci","tag-bandeira-verde","tag-banzae-2","tag-brasil","tag-cicero-dantas","tag-cipo-2","tag-conta-de-energia","tag-crisopolis-2","tag-energia-eletrica","tag-euclides-da-cunha","tag-fatima","tag-heliopolis-2","tag-itapicuru","tag-jeremoabo","tag-noticias","tag-nova-soure","tag-novo-triunfo","tag-olindina","tag-paripiranga","tag-quijingue","tag-ribeira-do-amparo","tag-ribeira-do-pombal","tag-sitio-do-quinto","tag-tucano"],"aioseo_notices":[],"_links":{"self":[{"href":"https:\/\/www.portalalerta.com.br\/index.php\/wp-json\/wp\/v2\/posts\/47591","targetHints":{"allow":["GET"]}}],"collection":[{"href":"https:\/\/www.portalalerta.com.br\/index.php\/wp-json\/wp\/v2\/posts"}],"about":[{"href":"https:\/\/www.portalalerta.com.br\/index.php\/wp-json\/wp\/v2\/types\/post"}],"author":[{"embeddable":true,"href":"https:\/\/www.portalalerta.com.br\/index.php\/wp-json\/wp\/v2\/users\/2"}],"replies":[{"embeddable":true,"href":"https:\/\/www.portalalerta.com.br\/index.php\/wp-json\/wp\/v2\/comments?post=47591"}],"version-history":[{"count":1,"href":"https:\/\/www.portalalerta.com.br\/index.php\/wp-json\/wp\/v2\/posts\/47591\/revisions"}],"predecessor-version":[{"id":47592,"href":"https:\/\/www.portalalerta.com.br\/index.php\/wp-json\/wp\/v2\/posts\/47591\/revisions\/47592"}],"wp:featuredmedia":[{"embeddable":true,"href":"https:\/\/www.portalalerta.com.br\/index.php\/wp-json\/wp\/v2\/media\/42257"}],"wp:attachment":[{"href":"https:\/\/www.portalalerta.com.br\/index.php\/wp-json\/wp\/v2\/media?parent=47591"}],"wp:term":[{"taxonomy":"category","embeddable":true,"href":"https:\/\/www.portalalerta.com.br\/index.php\/wp-json\/wp\/v2\/categories?post=47591"},{"taxonomy":"post_tag","embeddable":true,"href":"https:\/\/www.portalalerta.com.br\/index.php\/wp-json\/wp\/v2\/tags?post=47591"}],"curies":[{"name":"wp","href":"https:\/\/api.w.org\/{rel}","templated":true}]}}