{"id":47593,"date":"2023-02-28T16:01:00","date_gmt":"2023-02-28T19:01:00","guid":{"rendered":"https:\/\/www.portalalerta.com.br\/?p=47593"},"modified":"2023-02-28T15:00:19","modified_gmt":"2023-02-28T18:00:19","slug":"micareta-de-tucano-sera-realizado-dias-18-e-19-de-marco-e-ja-tem-quatro-atracoes-confirmadas-2","status":"publish","type":"post","link":"https:\/\/www.portalalerta.com.br\/index.php\/2023\/02\/28\/micareta-de-tucano-sera-realizado-dias-18-e-19-de-marco-e-ja-tem-quatro-atracoes-confirmadas-2\/","title":{"rendered":"Micareta de Tucano ser\u00e1 realizado dias 18 e 19 de mar\u00e7o, e j\u00e1 tem quatro atra\u00e7\u00f5es confirmadas"},"content":{"rendered":"\n<p>Um dos eventos mais esperados do ano est\u00e1 se aproximando e vem movimentando as redes e rodas sociais de Tucano e regi\u00e3o. O Sert\u00e3o Folia como est\u00e1 sendo chamado o Micareta, inicial foi anunciado para o dia 19 de mar\u00e7o, mas vem ganhando cada vez mais espa\u00e7os e holofotes.<\/p>\n\n\n\n<!--more-->\n\n\n\n<p>&nbsp;A primeira grande atra\u00e7\u00e3o confirmada antes mesmo do carnaval, foi o cantor L\u00e9o Santana, que acabou ganhando o pr\u00eamio de m\u00fasica do carnaval com <strong>\u2018Zona de Perigo\u201d<\/strong>, chamando mais aten\u00e7\u00e3o para o evento em toda a regi\u00e3o.<\/p>\n\n\n<div class=\"wp-block-image\">\n<figure class=\"alignleft size-full is-resized\"><img fetchpriority=\"high\" decoding=\"async\" src=\"https:\/\/www.portalalerta.com.br\/wp-content\/uploads\/2021\/04\/ELAB.jpg\" alt=\"\" class=\"wp-image-34795\" width=\"358\" height=\"286\" srcset=\"https:\/\/www.portalalerta.com.br\/wp-content\/uploads\/2021\/04\/ELAB.jpg 1000w, https:\/\/www.portalalerta.com.br\/wp-content\/uploads\/2021\/04\/ELAB-300x240.jpg 300w, https:\/\/www.portalalerta.com.br\/wp-content\/uploads\/2021\/04\/ELAB-768x614.jpg 768w, https:\/\/www.portalalerta.com.br\/wp-content\/uploads\/2021\/04\/ELAB-183x146.jpg 183w, https:\/\/www.portalalerta.com.br\/wp-content\/uploads\/2021\/04\/ELAB-50x40.jpg 50w, https:\/\/www.portalalerta.com.br\/wp-content\/uploads\/2021\/04\/ELAB-94x75.jpg 94w\" sizes=\"(max-width: 358px) 100vw, 358px\" \/><\/figure><\/div>\n\n\n<p>Durante o carnaval o Prefeito de Tucano, Ricardo Maia Filho usou suas redes sociais para deixar um suspense no ar, o que foi ligeiramente confirmado, o evento ganhou mais um dia e acontecer\u00e1 dias 18 e 19 de mar\u00e7o.<\/p>\n\n\n\n<p>Oh Pol\u00eamico foi a segunda atra\u00e7\u00e3o confirmada, e se destacou bastante no carnaval de Salvador, ganhando o cora\u00e7\u00e3o da galera com o hit <strong>\u201cDeixa eu botar meu boneco\u201d<\/strong>, e estar\u00e1 em Tucano no s\u00e1bado dia 18.<\/p>\n\n\n\n<p>O Ax\u00e9 vai invadir a cidade com mais duas atra\u00e7\u00f5es confirmadas banda Timbalada, liderada por Buja Ferreira e Denny Denan, e o agito de Rafael Barreto da Banda Jammil.<\/p>\n\n\n\n<p>O Micareta de Tucano j\u00e1 est\u00e1 a todo vapor, e a expetativa s\u00f3 aumenta para a o anuncio de mais atra\u00e7\u00f5es que estar\u00e3o fazendo a festa nos trios el\u00e9tricos apelas rua da cidade.<\/p>\n\n\n\n<p><em>Fonte: Fique Por Dentro Agora<\/em><strong><em><\/em><\/strong><\/p>\n","protected":false},"excerpt":{"rendered":"<p>Um dos eventos mais esperados do ano est\u00e1 se aproximando e vem movimentando as redes e rodas sociais de Tucano e regi\u00e3o. O Sert\u00e3o Folia como est\u00e1 sendo chamado o Micareta, inicial foi anunciado para o dia 19 de mar\u00e7o, mas vem ganhando cada vez mais espa\u00e7os e holofotes.<\/p>\n","protected":false},"author":2,"featured_media":6491,"comment_status":"open","ping_status":"open","sticky":false,"template":"","format":"standard","meta":{"om_disable_all_campaigns":false,"_monsterinsights_skip_tracking":false,"_monsterinsights_sitenote_active":false,"_monsterinsights_sitenote_note":"","_monsterinsights_sitenote_category":0,"footnotes":""},"categories":[70,36,69,32,12],"tags":[100,71,48,4179,93,75,4178,4180,129,107,4181,132,230,940,3828,106,203,120,51,109,88,47,111,190],"class_list":["post-47593","post","type-post","status-publish","format-standard","has-post-thumbnail","hentry","category-destaques","category-lazer","category-noticias2","category-regiao","category-tucano","tag-adustina","tag-antas","tag-araci","tag-banzae-2","tag-brasil","tag-cicero-dantas","tag-cipo-2","tag-crisopolis-2","tag-euclides-da-cunha","tag-fatima","tag-heliopolis-2","tag-itapicuru","tag-jeremoabo","tag-micareta","tag-noticias","tag-nova-soure","tag-novo-triunfo","tag-olindina","tag-paripiranga","tag-quijingue","tag-ribeira-do-amparo","tag-ribeira-do-pombal","tag-sitio-do-quinto","tag-tucano"],"aioseo_notices":[],"_links":{"self":[{"href":"https:\/\/www.portalalerta.com.br\/index.php\/wp-json\/wp\/v2\/posts\/47593","targetHints":{"allow":["GET"]}}],"collection":[{"href":"https:\/\/www.portalalerta.com.br\/index.php\/wp-json\/wp\/v2\/posts"}],"about":[{"href":"https:\/\/www.portalalerta.com.br\/index.php\/wp-json\/wp\/v2\/types\/post"}],"author":[{"embeddable":true,"href":"https:\/\/www.portalalerta.com.br\/index.php\/wp-json\/wp\/v2\/users\/2"}],"replies":[{"embeddable":true,"href":"https:\/\/www.portalalerta.com.br\/index.php\/wp-json\/wp\/v2\/comments?post=47593"}],"version-history":[{"count":2,"href":"https:\/\/www.portalalerta.com.br\/index.php\/wp-json\/wp\/v2\/posts\/47593\/revisions"}],"predecessor-version":[{"id":47609,"href":"https:\/\/www.portalalerta.com.br\/index.php\/wp-json\/wp\/v2\/posts\/47593\/revisions\/47609"}],"wp:featuredmedia":[{"embeddable":true,"href":"https:\/\/www.portalalerta.com.br\/index.php\/wp-json\/wp\/v2\/media\/6491"}],"wp:attachment":[{"href":"https:\/\/www.portalalerta.com.br\/index.php\/wp-json\/wp\/v2\/media?parent=47593"}],"wp:term":[{"taxonomy":"category","embeddable":true,"href":"https:\/\/www.portalalerta.com.br\/index.php\/wp-json\/wp\/v2\/categories?post=47593"},{"taxonomy":"post_tag","embeddable":true,"href":"https:\/\/www.portalalerta.com.br\/index.php\/wp-json\/wp\/v2\/tags?post=47593"}],"curies":[{"name":"wp","href":"https:\/\/api.w.org\/{rel}","templated":true}]}}