{"id":47595,"date":"2023-02-28T16:02:00","date_gmt":"2023-02-28T19:02:00","guid":{"rendered":"https:\/\/www.portalalerta.com.br\/?p=47595"},"modified":"2023-02-27T22:06:27","modified_gmt":"2023-02-28T01:06:27","slug":"governo-federal-anuncia-aumento-de-imposto-sobre-combustiveis-para-arrecadar-r-288-bilhoes-neste-ano","status":"publish","type":"post","link":"https:\/\/www.portalalerta.com.br\/index.php\/2023\/02\/28\/governo-federal-anuncia-aumento-de-imposto-sobre-combustiveis-para-arrecadar-r-288-bilhoes-neste-ano\/","title":{"rendered":"Governo Federal anuncia aumento de imposto sobre combust\u00edveis para arrecadar R$ 28,8 bilh\u00f5es neste ano"},"content":{"rendered":"\n<p><strong>A pasta n\u00e3o explicou qual ser\u00e1 o percentual de reajuste e nem o valor em reais por litro de cada combust\u00edvel. Segundo minist\u00e9rio, os combust\u00edveis f\u00f3sseis, como a gasolina, ser\u00e3o mais onerados.<\/strong><\/p>\n\n\n\n<!--more-->\n\n\n\n<p>O\u00a0Minist\u00e9rio da Fazenda\u00a0anunciou nesta segunda-feira (27) que haver\u00e1 aumento do imposto sobre os combust\u00edveis para arrecadar R$ 28,8 bilh\u00f5es neste ano,\u00a0valor anunciado pelo ministro Fernando Haddad em pacote fiscal em janeiro.<\/p>\n\n\n<div class=\"wp-block-image\">\n<figure class=\"alignleft size-full\"><img fetchpriority=\"high\" decoding=\"async\" width=\"400\" height=\"300\" src=\"https:\/\/www.portalalerta.com.br\/wp-content\/uploads\/2023\/01\/Auto-Escola-Sonho.jpg\" alt=\"\" class=\"wp-image-47083\" srcset=\"https:\/\/www.portalalerta.com.br\/wp-content\/uploads\/2023\/01\/Auto-Escola-Sonho.jpg 400w, https:\/\/www.portalalerta.com.br\/wp-content\/uploads\/2023\/01\/Auto-Escola-Sonho-320x240.jpg 320w\" sizes=\"(max-width: 400px) 100vw, 400px\" \/><\/figure><\/div>\n\n\n<p>A pasta n\u00e3o explicou, por\u00e9m, qual ser\u00e1 o percentual de reajuste e nem o valor em reais por litro de cada combust\u00edvel. Acrescentou somente que os combust\u00edveis f\u00f3sseis, como a gasolina, ser\u00e3o mais onerados.<\/p>\n\n\n\n<p>A decis\u00e3o foi comunicada ap\u00f3s reuni\u00e3o no Pal\u00e1cio do Planalto entre o presidente Luiz In\u00e1cio\u00a0Lula\u00a0da Silva e os ministros Rui Costa (Casa Civil) e Haddad (Fazenda), al\u00e9m do presidente da\u00a0Petrobras, Jean Paul Prates.\u00a0Outro encontro sobre o assunto deve acontecer ainda nesta segunda.<\/p>\n\n\n\n<p>A ala pol\u00edtica do governo, por\u00e9m, teme impacto do aumento dos combust\u00edveis na infla\u00e7\u00e3o e na popularidade do presidente, e vinha pressionando pela extens\u00e3o da desonera\u00e7\u00e3o dos impostos.<\/p>\n\n\n\n<p>J\u00e1 a equipe econ\u00f4mica contava com a volta da cobran\u00e7a dos impostos para aumentar a arrecada\u00e7\u00e3o e diminuir o rombo de mais de R$ 200 bilh\u00f5es esperados para as contas do governo neste ano.<\/p>\n\n\n\n<p><strong>Reonera\u00e7\u00e3o parcial<\/strong><\/p>\n\n\n\n<p>Com impasse entre alas econ\u00f4mica e pol\u00edtica, o\u00a0governo avalia uma reonera\u00e7\u00e3o parcial da gasolina e do \u00e1lcool, conforme noticiaram os rep\u00f3rteres da\u00a0<strong>GloboNews<\/strong>\u00a0Nilson Klava e Bianca Lima.<\/p>\n\n\n\n<p>A possibilidade que est\u00e1 na mesa e que foi levada ao presidente Lula prev\u00ea que a gasolina seja reonerada em 71% do&nbsp;<a href=\"https:\/\/g1.globo.com\/tudo-sobre\/pis\/\">PIS<\/a>&nbsp;e da&nbsp;<strong>Cofins<\/strong>.<\/p>\n\n\n\n<p>Ou seja, em vez de voltar a cobrar a totalidade do imposto, o que representaria R$ 0,69 por litro do combust\u00edvel, o&nbsp;<strong>governo cobraria R$ 0,49 por litro<\/strong>.<\/p>\n\n\n\n<p>J\u00e1 em rela\u00e7\u00e3o ao \u00e1lcool, a reonera\u00e7\u00e3o seria menor, de 25%. Ou seja, dos R$ 0,24 por litro, que representa a totalidade do tributo federal, o&nbsp;<strong>governo voltaria a cobrar R$ 0,06<\/strong>. O objetivo \u00e9 manter a competitividade do etanol.<\/p>\n\n\n\n<p><strong>Formato<\/strong><\/p>\n\n\n\n<p>De acordo com o blog do jornalista Valdo Cruz, da\u00a0<strong>GloboNews<\/strong>\u00a0e colunista do\u00a0<strong>g1<\/strong>, a proposta, que ainda est\u00e1 sendo desenhada tecnicamente,\u00a0far\u00e1 mudan\u00e7as na estrutura de tributos na cadeia produtiva de combust\u00edveis.<\/p>\n\n\n\n<p>A ideia \u00e9 que toda arrecada\u00e7\u00e3o extra, de R$ 28 bilh\u00f5es, venha da tributa\u00e7\u00e3o de combust\u00edvel, majoritariamente de produtos f\u00f3sseis, mas numa estrutura da cadeia de impostos que minimize o impacto ao consumidor.<\/p>\n\n\n\n<p>A f\u00f3rmula encontrada preserva a proposta do Minist\u00e9rio da Fazenda, lan\u00e7ada em 12 de janeiro. \u00c0 \u00e9poca, Haddad disse que, a partir de mar\u00e7o, o governo iria voltar com a tributa\u00e7\u00e3o para garantir R$ 28 bilh\u00f5es.<\/p>\n\n\n\n<p>Segundo Haddad, a arrecada\u00e7\u00e3o teria como objetivo reduzir o tamanho do d\u00e9ficit previsto para este ano, de R$ 231 bilh\u00f5es, para algo entre R$ 90 bilh\u00f5es e R$ 100 bilh\u00f5es.<\/p>\n\n\n\n<p>A proposta a ser divulgada ser\u00e1 baseada, segundo integrantes do governo, em tr\u00eas princ\u00edpios:<\/p>\n\n\n\n<ol class=\"wp-block-list\" type=\"1\">\n<li>o da sustentabilidade ambiental, tributando mais o combust\u00edvel f\u00f3ssil;<\/li>\n\n\n\n<li>o social, penalizando menos o consumidor;<\/li>\n\n\n\n<li>e econ\u00f4mica, garantindo a arrecada\u00e7\u00e3o extra de R$ 28 bilh\u00f5es ao final do ano.<\/li>\n<\/ol>\n\n\n\n<p><em>Fonte: G1<\/em><\/p>\n","protected":false},"excerpt":{"rendered":"<p>A pasta n\u00e3o explicou qual ser\u00e1 o percentual de reajuste e nem o valor em reais por litro de cada combust\u00edvel. Segundo minist\u00e9rio, os combust\u00edveis f\u00f3sseis, como a gasolina, ser\u00e3o mais onerados.<\/p>\n","protected":false},"author":2,"featured_media":24439,"comment_status":"open","ping_status":"open","sticky":false,"template":"","format":"standard","meta":{"om_disable_all_campaigns":false,"_monsterinsights_skip_tracking":false,"_monsterinsights_sitenote_active":false,"_monsterinsights_sitenote_note":"","_monsterinsights_sitenote_category":0,"footnotes":""},"categories":[34,70,69,21],"tags":[100,71,48,4179,93,75,4178,273,4180,129,107,4181,3594,132,230,3828,106,203,120,51,109,88,47,111],"class_list":["post-47595","post","type-post","status-publish","format-standard","has-post-thumbnail","hentry","category-brasil","category-destaques","category-noticias2","category-politica","tag-adustina","tag-antas","tag-araci","tag-banzae-2","tag-brasil","tag-cicero-dantas","tag-cipo-2","tag-combustivel","tag-crisopolis-2","tag-euclides-da-cunha","tag-fatima","tag-heliopolis-2","tag-impostos","tag-itapicuru","tag-jeremoabo","tag-noticias","tag-nova-soure","tag-novo-triunfo","tag-olindina","tag-paripiranga","tag-quijingue","tag-ribeira-do-amparo","tag-ribeira-do-pombal","tag-sitio-do-quinto"],"aioseo_notices":[],"_links":{"self":[{"href":"https:\/\/www.portalalerta.com.br\/index.php\/wp-json\/wp\/v2\/posts\/47595","targetHints":{"allow":["GET"]}}],"collection":[{"href":"https:\/\/www.portalalerta.com.br\/index.php\/wp-json\/wp\/v2\/posts"}],"about":[{"href":"https:\/\/www.portalalerta.com.br\/index.php\/wp-json\/wp\/v2\/types\/post"}],"author":[{"embeddable":true,"href":"https:\/\/www.portalalerta.com.br\/index.php\/wp-json\/wp\/v2\/users\/2"}],"replies":[{"embeddable":true,"href":"https:\/\/www.portalalerta.com.br\/index.php\/wp-json\/wp\/v2\/comments?post=47595"}],"version-history":[{"count":2,"href":"https:\/\/www.portalalerta.com.br\/index.php\/wp-json\/wp\/v2\/posts\/47595\/revisions"}],"predecessor-version":[{"id":47598,"href":"https:\/\/www.portalalerta.com.br\/index.php\/wp-json\/wp\/v2\/posts\/47595\/revisions\/47598"}],"wp:featuredmedia":[{"embeddable":true,"href":"https:\/\/www.portalalerta.com.br\/index.php\/wp-json\/wp\/v2\/media\/24439"}],"wp:attachment":[{"href":"https:\/\/www.portalalerta.com.br\/index.php\/wp-json\/wp\/v2\/media?parent=47595"}],"wp:term":[{"taxonomy":"category","embeddable":true,"href":"https:\/\/www.portalalerta.com.br\/index.php\/wp-json\/wp\/v2\/categories?post=47595"},{"taxonomy":"post_tag","embeddable":true,"href":"https:\/\/www.portalalerta.com.br\/index.php\/wp-json\/wp\/v2\/tags?post=47595"}],"curies":[{"name":"wp","href":"https:\/\/api.w.org\/{rel}","templated":true}]}}