{"id":47613,"date":"2023-03-01T07:00:00","date_gmt":"2023-03-01T10:00:00","guid":{"rendered":"https:\/\/www.portalalerta.com.br\/?p=47613"},"modified":"2023-02-28T21:56:31","modified_gmt":"2023-03-01T00:56:31","slug":"campanha-adolescencia-primeiro-gravidez-depois-tudo-no-seu-tempo-em-ribeira-do-pombal-ba","status":"publish","type":"post","link":"https:\/\/www.portalalerta.com.br\/index.php\/2023\/03\/01\/campanha-adolescencia-primeiro-gravidez-depois-tudo-no-seu-tempo-em-ribeira-do-pombal-ba\/","title":{"rendered":"Campanha \u201cAdolesc\u00eancia Primeiro, Gravidez depois: Tudo no seu tempo\u201d, em Ribeira do Pombal-BA"},"content":{"rendered":"\n<p>A Secretaria de Desenvolvimento Social e Trabalho iniciou nesta ter\u00e7a-feira, 28\/02, no Cras Pedro Tib\u00farcio, uma s\u00e9rie de palestras socioeducativas de conscientiza\u00e7\u00e3o sobre o tema da preven\u00e7\u00e3o \u00e0 gravidez na adolesc\u00eancia<\/p>\n\n\n\n<!--more-->\n\n\n\n<p>O slogan da campanha <strong><em>\u201cTudo no seu tempo\u201d<\/em><\/strong> procura evidenciar o fato de que uma gravidez de forma n\u00e3o intencional na adolesc\u00eancia pode trazer consequ\u00eancias para a vida toda, com possibilidade de preju\u00edzos para o desenvolvimento social e econ\u00f4mico dos adolescentes que se tornam m\u00e3es e pais precocemente, al\u00e9m de riscos \u00e0 sa\u00fade do beb\u00ea e da mulher. Ser\u00e3o realizados bate papo com jovens e seus respons\u00e1veis atendidos atrav\u00e9s do Servi\u00e7o de Conviv\u00eancia, do Programa Primeira Inf\u00e2ncia no SUAS e dos grupos de encontros dos CRAS.<\/p>\n\n\n\n<p>O projeto ainda levar\u00e1 as reflex\u00f5es ao p\u00fablico do ao CRAS Luiz Viana filho, na quarta 01\/03. Entre os temas abordados na campanha \u201cTudo no seu tempo\u201d est\u00e3o reflex\u00f5es e di\u00e1logos sobre a gravidez precoce, planejamento familiar, a sa\u00fade sexual e a sa\u00fade reprodutiva, bem como a preven\u00e7\u00e3o de IST\/AIDS e os impactos psicol\u00f3gicos.<\/p>\n\n\n\n<p>Di\u00e1logo e informa\u00e7\u00e3o s\u00e3o as principais ferramentas para orientar os jovens sobre quando procurar ajuda e sobre a rede de apoio dispon\u00edvel atrav\u00e9s dos equipamentos socio assistenciais do munic\u00edpio.<\/p>\n\n\n\n<p><em>Fonte: SECOM\/ Ribeira do Pombal<\/em><\/p>\n","protected":false},"excerpt":{"rendered":"<p>A Secretaria de Desenvolvimento Social e Trabalho iniciou nesta ter\u00e7a-feira, 28\/02, no Cras Pedro Tib\u00farcio, uma s\u00e9rie de palestras socioeducativas de conscientiza\u00e7\u00e3o sobre o tema da preven\u00e7\u00e3o \u00e0 gravidez na adolesc\u00eancia<\/p>\n","protected":false},"author":2,"featured_media":47614,"comment_status":"open","ping_status":"open","sticky":false,"template":"","format":"standard","meta":{"om_disable_all_campaigns":false,"_monsterinsights_skip_tracking":false,"_monsterinsights_sitenote_active":false,"_monsterinsights_sitenote_note":"","_monsterinsights_sitenote_category":0,"footnotes":""},"categories":[70,69,32,3],"tags":[100,71,48,4179,75,4178,4180,129,107,342,4181,132,230,3828,106,203,120,51,109,88,47,111],"class_list":["post-47613","post","type-post","status-publish","format-standard","has-post-thumbnail","hentry","category-destaques","category-noticias2","category-regiao","category-ribeira-do-pombal","tag-adustina","tag-antas","tag-araci","tag-banzae-2","tag-cicero-dantas","tag-cipo-2","tag-crisopolis-2","tag-euclides-da-cunha","tag-fatima","tag-gravidez","tag-heliopolis-2","tag-itapicuru","tag-jeremoabo","tag-noticias","tag-nova-soure","tag-novo-triunfo","tag-olindina","tag-paripiranga","tag-quijingue","tag-ribeira-do-amparo","tag-ribeira-do-pombal","tag-sitio-do-quinto"],"aioseo_notices":[],"_links":{"self":[{"href":"https:\/\/www.portalalerta.com.br\/index.php\/wp-json\/wp\/v2\/posts\/47613","targetHints":{"allow":["GET"]}}],"collection":[{"href":"https:\/\/www.portalalerta.com.br\/index.php\/wp-json\/wp\/v2\/posts"}],"about":[{"href":"https:\/\/www.portalalerta.com.br\/index.php\/wp-json\/wp\/v2\/types\/post"}],"author":[{"embeddable":true,"href":"https:\/\/www.portalalerta.com.br\/index.php\/wp-json\/wp\/v2\/users\/2"}],"replies":[{"embeddable":true,"href":"https:\/\/www.portalalerta.com.br\/index.php\/wp-json\/wp\/v2\/comments?post=47613"}],"version-history":[{"count":1,"href":"https:\/\/www.portalalerta.com.br\/index.php\/wp-json\/wp\/v2\/posts\/47613\/revisions"}],"predecessor-version":[{"id":47615,"href":"https:\/\/www.portalalerta.com.br\/index.php\/wp-json\/wp\/v2\/posts\/47613\/revisions\/47615"}],"wp:featuredmedia":[{"embeddable":true,"href":"https:\/\/www.portalalerta.com.br\/index.php\/wp-json\/wp\/v2\/media\/47614"}],"wp:attachment":[{"href":"https:\/\/www.portalalerta.com.br\/index.php\/wp-json\/wp\/v2\/media?parent=47613"}],"wp:term":[{"taxonomy":"category","embeddable":true,"href":"https:\/\/www.portalalerta.com.br\/index.php\/wp-json\/wp\/v2\/categories?post=47613"},{"taxonomy":"post_tag","embeddable":true,"href":"https:\/\/www.portalalerta.com.br\/index.php\/wp-json\/wp\/v2\/tags?post=47613"}],"curies":[{"name":"wp","href":"https:\/\/api.w.org\/{rel}","templated":true}]}}