{"id":47621,"date":"2023-03-01T07:03:00","date_gmt":"2023-03-01T10:03:00","guid":{"rendered":"https:\/\/www.portalalerta.com.br\/?p=47621"},"modified":"2023-02-28T22:26:54","modified_gmt":"2023-03-01T01:26:54","slug":"precos-de-combustiveis-vao-aumentar-a-partir-desta-quarta-feira-na-bahia","status":"publish","type":"post","link":"https:\/\/www.portalalerta.com.br\/index.php\/2023\/03\/01\/precos-de-combustiveis-vao-aumentar-a-partir-desta-quarta-feira-na-bahia\/","title":{"rendered":"Pre\u00e7os de combust\u00edveis v\u00e3o aumentar a partir desta quarta-feira na Bahia"},"content":{"rendered":"\n<p>Os pre\u00e7os da gasolina, do etanol e do G\u00e1s Natural Veicular (GNV) v\u00e3o aumentar na Bahia a partir desta quarta-feira (1\u00ba). Segundo o&nbsp;Sindicombust\u00edveis Bahia,&nbsp;os reajustes devem acontecer em raz\u00e3o do fim do prazo previsto na Medida Provis\u00f3ria 1.157\/2023, que prorrogou a desonera\u00e7\u00e3o dos tributos federais dos combust\u00edveis, prevista na Lei complementar n\u00ba 194 de 2022.<\/p>\n\n\n\n<!--more-->\n\n\n<div class=\"wp-block-image\">\n<figure class=\"alignleft size-full\"><img fetchpriority=\"high\" decoding=\"async\" width=\"400\" height=\"300\" src=\"https:\/\/www.portalalerta.com.br\/wp-content\/uploads\/2023\/01\/Auto-Escola-Sonho.jpg\" alt=\"\" class=\"wp-image-47083\" srcset=\"https:\/\/www.portalalerta.com.br\/wp-content\/uploads\/2023\/01\/Auto-Escola-Sonho.jpg 400w, https:\/\/www.portalalerta.com.br\/wp-content\/uploads\/2023\/01\/Auto-Escola-Sonho-320x240.jpg 320w\" sizes=\"(max-width: 400px) 100vw, 400px\" \/><\/figure><\/div>\n\n\n<p>No caso da gasolina C, haver\u00e1 acr\u00e9scimo de R$ 0,69 no PIS\/COFINS. No etanol, o impacto do aumento tribut\u00e1rio ser\u00e1 de R$ 0,24 e no GNV, o crescimento m\u00e9dio ser\u00e1 de aproximadamente R$ 0,38.<\/p>\n\n\n\n<p>Para o presidente do Sindicombust\u00edveis Bahia, Walter Tannus Freitas, \u201co fim da desonera\u00e7\u00e3o da gasolina, do etanol e do GNV, al\u00e9m de trazer um alta nos \u00edndices inflacion\u00e1rio, vai provocar uma retra\u00e7\u00e3o no mercado de revenda de combust\u00edveis, com reflexo direto na gera\u00e7\u00e3o de empregos\u201d.<\/p>\n\n\n\n<p>O sindicato dos revendedores de combust\u00edveis ressaltou ainda&nbsp;que a composi\u00e7\u00e3o de pre\u00e7os depende de outros agentes do setor, al\u00e9m dos impostos, como a Refinaria Mataripe, transportadoras e distribuidoras.<\/p>\n\n\n\n<p><em>Fonte: Metro1<\/em><\/p>\n","protected":false},"excerpt":{"rendered":"<p>Os pre\u00e7os da gasolina, do etanol e do G\u00e1s Natural Veicular (GNV) v\u00e3o aumentar na Bahia a partir desta quarta-feira (1\u00ba). Segundo o&nbsp;Sindicombust\u00edveis Bahia,&nbsp;os reajustes devem acontecer em raz\u00e3o do fim do prazo previsto na Medida Provis\u00f3ria 1.157\/2023, que prorrogou a desonera\u00e7\u00e3o dos tributos federais dos combust\u00edveis, prevista na Lei complementar n\u00ba 194 de 2022.<\/p>\n","protected":false},"author":2,"featured_media":33744,"comment_status":"open","ping_status":"open","sticky":false,"template":"","format":"standard","meta":{"om_disable_all_campaigns":false,"_monsterinsights_skip_tracking":false,"_monsterinsights_sitenote_active":false,"_monsterinsights_sitenote_note":"","_monsterinsights_sitenote_category":0,"footnotes":""},"categories":[33,70,69],"tags":[100,71,48,54,4179,75,4178,273,4180,129,107,4181,132,230,3828,106,203,120,51,274,109,401,88,47,111],"class_list":["post-47621","post","type-post","status-publish","format-standard","has-post-thumbnail","hentry","category-bahia","category-destaques","category-noticias2","tag-adustina","tag-antas","tag-araci","tag-bahia","tag-banzae-2","tag-cicero-dantas","tag-cipo-2","tag-combustivel","tag-crisopolis-2","tag-euclides-da-cunha","tag-fatima","tag-heliopolis-2","tag-itapicuru","tag-jeremoabo","tag-noticias","tag-nova-soure","tag-novo-triunfo","tag-olindina","tag-paripiranga","tag-preco","tag-quijingue","tag-reajuste-de-precos","tag-ribeira-do-amparo","tag-ribeira-do-pombal","tag-sitio-do-quinto"],"aioseo_notices":[],"_links":{"self":[{"href":"https:\/\/www.portalalerta.com.br\/index.php\/wp-json\/wp\/v2\/posts\/47621","targetHints":{"allow":["GET"]}}],"collection":[{"href":"https:\/\/www.portalalerta.com.br\/index.php\/wp-json\/wp\/v2\/posts"}],"about":[{"href":"https:\/\/www.portalalerta.com.br\/index.php\/wp-json\/wp\/v2\/types\/post"}],"author":[{"embeddable":true,"href":"https:\/\/www.portalalerta.com.br\/index.php\/wp-json\/wp\/v2\/users\/2"}],"replies":[{"embeddable":true,"href":"https:\/\/www.portalalerta.com.br\/index.php\/wp-json\/wp\/v2\/comments?post=47621"}],"version-history":[{"count":1,"href":"https:\/\/www.portalalerta.com.br\/index.php\/wp-json\/wp\/v2\/posts\/47621\/revisions"}],"predecessor-version":[{"id":47622,"href":"https:\/\/www.portalalerta.com.br\/index.php\/wp-json\/wp\/v2\/posts\/47621\/revisions\/47622"}],"wp:featuredmedia":[{"embeddable":true,"href":"https:\/\/www.portalalerta.com.br\/index.php\/wp-json\/wp\/v2\/media\/33744"}],"wp:attachment":[{"href":"https:\/\/www.portalalerta.com.br\/index.php\/wp-json\/wp\/v2\/media?parent=47621"}],"wp:term":[{"taxonomy":"category","embeddable":true,"href":"https:\/\/www.portalalerta.com.br\/index.php\/wp-json\/wp\/v2\/categories?post=47621"},{"taxonomy":"post_tag","embeddable":true,"href":"https:\/\/www.portalalerta.com.br\/index.php\/wp-json\/wp\/v2\/tags?post=47621"}],"curies":[{"name":"wp","href":"https:\/\/api.w.org\/{rel}","templated":true}]}}