{"id":47849,"date":"2023-03-13T07:00:00","date_gmt":"2023-03-13T10:00:00","guid":{"rendered":"https:\/\/www.portalalerta.com.br\/?p=47849"},"modified":"2023-03-11T16:40:32","modified_gmt":"2023-03-11T19:40:32","slug":"em-dois-turnos-camara-de-cicero-dantas-ba-aprova-projeto-de-reforma-administrativa","status":"publish","type":"post","link":"https:\/\/www.portalalerta.com.br\/index.php\/2023\/03\/13\/em-dois-turnos-camara-de-cicero-dantas-ba-aprova-projeto-de-reforma-administrativa\/","title":{"rendered":"Em dois turnos, C\u00e2mara de C\u00edcero Dantas-BA aprova projeto de reforma administrativa"},"content":{"rendered":"\n<p>Mat\u00e9ria foi aprovada ap\u00f3s passar por an\u00e1lise de duas comiss\u00f5es parlamentares<\/p>\n\n\n\n<!--more-->\n\n\n\n<p>O Poder Legislativo de C\u00edcero Dantas (BA) aprovou na \u00faltima ter\u00e7a-feira (07), o projeto de lei n\u00ba 447\/2022, que disp\u00f5e sobre a reorganiza\u00e7\u00e3o da estrutura administrativa da Prefeitura Municipal. A vota\u00e7\u00e3o ocorreu de modo nominal em dois turnos, e por isso, uma sess\u00e3o extraordin\u00e1ria teve que ser aberta logo ap\u00f3s o fim da sess\u00e3o ordin\u00e1ria. A mat\u00e9ria foi aprovada por unanimidade.<\/p>\n\n\n<div class=\"wp-block-image\">\n<figure class=\"alignleft size-full\"><img fetchpriority=\"high\" decoding=\"async\" width=\"400\" height=\"300\" src=\"https:\/\/www.portalalerta.com.br\/wp-content\/uploads\/2023\/01\/Auto-Escola-Sonho.jpg\" alt=\"\" class=\"wp-image-47083\" srcset=\"https:\/\/www.portalalerta.com.br\/wp-content\/uploads\/2023\/01\/Auto-Escola-Sonho.jpg 400w, https:\/\/www.portalalerta.com.br\/wp-content\/uploads\/2023\/01\/Auto-Escola-Sonho-320x240.jpg 320w\" sizes=\"(max-width: 400px) 100vw, 400px\" \/><\/figure><\/div>\n\n\n<p>O projeto chegou \u00e0 C\u00e2mara Municipal no final de novembro de 2022, e passou por an\u00e1lise das Comiss\u00f5es de Constitui\u00e7\u00e3o, Justi\u00e7a e Reda\u00e7\u00e3o Final; e de Finan\u00e7as, Or\u00e7amento, Obras e Servi\u00e7os P\u00fablicos nas \u00faltimas semanas. De forma conjunta, os dois colegiados emitiram um parecer favor\u00e1vel \u00e0 mat\u00e9ria, que na sequ\u00eancia, foi direcionado para a mesa diretora.<\/p>\n\n\n\n<p>Com o relat\u00f3rio emitido pelos vereadores favor\u00e1vel \u00e0 aprova\u00e7\u00e3o do projeto, e com a inser\u00e7\u00e3o de uma emenda modificativa, a mat\u00e9ria segue agora para san\u00e7\u00e3o do prefeito Ricardo Almeida. O texto da proposi\u00e7\u00e3o ainda estabelece que ser\u00e1 criado no \u00e2mbito municipal uma nova secretaria: a de Urbaniza\u00e7\u00e3o e Servi\u00e7os P\u00fablicos.<\/p>\n\n\n\n<p>A elabora\u00e7\u00e3o de uma nova estrutura administrativa \u00e9 uma recomenda\u00e7\u00e3o do Tribunal de Justi\u00e7a da Bahia para o munic\u00edpio de C\u00edcero Dantas, a partir de decis\u00e3o proferida no m\u00eas de mar\u00e7o de 2021 por esta inst\u00e2ncia judici\u00e1ria. Tomada pelo Tribunal Pleno em ac\u00f3rd\u00e3o, a decis\u00e3o atinge a lei municipal n\u00ba 200\/2014, que criou centenas de cargos de livre nomea\u00e7\u00e3o e exonera\u00e7\u00e3o do Poder Executivo local. O Minist\u00e9rio P\u00fablico alegou que cargos em comiss\u00e3o s\u00e3o considerados normalmente para as posi\u00e7\u00f5es de chefia, dire\u00e7\u00e3o e assessoramento, mas que a referida lei \u201cn\u00e3o traz a atribui\u00e7\u00e3o de nenhum dos cargos por ela criados\u201d, o que na sua vis\u00e3o, impossibilita a constata\u00e7\u00e3o se os mesmos foram criados para aquelas fun\u00e7\u00f5es espec\u00edficas, como \u00e9 \u201cprevisto constitucionalmente\u201d. Ainda \u00e9 apontado que as designa\u00e7\u00f5es se referem a postos que deveriam ser de provimento efetivo como \u201cassistente de administra\u00e7\u00e3o, assistente judici\u00e1rio, coordenador, entre outros.\u201d<\/p>\n\n\n\n<p><em>Fonte: Sert\u00e3o em Pauta<\/em><\/p>\n","protected":false},"excerpt":{"rendered":"<p>Mat\u00e9ria foi aprovada ap\u00f3s passar por an\u00e1lise de duas comiss\u00f5es parlamentares<\/p>\n","protected":false},"author":2,"featured_media":47850,"comment_status":"open","ping_status":"open","sticky":false,"template":"","format":"standard","meta":{"om_disable_all_campaigns":false,"_monsterinsights_skip_tracking":false,"_monsterinsights_sitenote_active":false,"_monsterinsights_sitenote_note":"","_monsterinsights_sitenote_category":0,"footnotes":""},"categories":[4,70,69,21,32],"tags":[100,71,48,211,75,4178,4180,129,107,4181,132,230,106,203,120,51,109,1987,88,47,111,190],"class_list":["post-47849","post","type-post","status-publish","format-standard","has-post-thumbnail","hentry","category-cicero-dantas","category-destaques","category-noticias2","category-politica","category-regiao","tag-adustina","tag-antas","tag-araci","tag-camara-de-vereadores","tag-cicero-dantas","tag-cipo-2","tag-crisopolis-2","tag-euclides-da-cunha","tag-fatima","tag-heliopolis-2","tag-itapicuru","tag-jeremoabo","tag-nova-soure","tag-novo-triunfo","tag-olindina","tag-paripiranga","tag-quijingue","tag-reforma-administrativa","tag-ribeira-do-amparo","tag-ribeira-do-pombal","tag-sitio-do-quinto","tag-tucano"],"aioseo_notices":[],"_links":{"self":[{"href":"https:\/\/www.portalalerta.com.br\/index.php\/wp-json\/wp\/v2\/posts\/47849","targetHints":{"allow":["GET"]}}],"collection":[{"href":"https:\/\/www.portalalerta.com.br\/index.php\/wp-json\/wp\/v2\/posts"}],"about":[{"href":"https:\/\/www.portalalerta.com.br\/index.php\/wp-json\/wp\/v2\/types\/post"}],"author":[{"embeddable":true,"href":"https:\/\/www.portalalerta.com.br\/index.php\/wp-json\/wp\/v2\/users\/2"}],"replies":[{"embeddable":true,"href":"https:\/\/www.portalalerta.com.br\/index.php\/wp-json\/wp\/v2\/comments?post=47849"}],"version-history":[{"count":1,"href":"https:\/\/www.portalalerta.com.br\/index.php\/wp-json\/wp\/v2\/posts\/47849\/revisions"}],"predecessor-version":[{"id":47851,"href":"https:\/\/www.portalalerta.com.br\/index.php\/wp-json\/wp\/v2\/posts\/47849\/revisions\/47851"}],"wp:featuredmedia":[{"embeddable":true,"href":"https:\/\/www.portalalerta.com.br\/index.php\/wp-json\/wp\/v2\/media\/47850"}],"wp:attachment":[{"href":"https:\/\/www.portalalerta.com.br\/index.php\/wp-json\/wp\/v2\/media?parent=47849"}],"wp:term":[{"taxonomy":"category","embeddable":true,"href":"https:\/\/www.portalalerta.com.br\/index.php\/wp-json\/wp\/v2\/categories?post=47849"},{"taxonomy":"post_tag","embeddable":true,"href":"https:\/\/www.portalalerta.com.br\/index.php\/wp-json\/wp\/v2\/tags?post=47849"}],"curies":[{"name":"wp","href":"https:\/\/api.w.org\/{rel}","templated":true}]}}