{"id":47852,"date":"2023-03-13T07:01:00","date_gmt":"2023-03-13T10:01:00","guid":{"rendered":"https:\/\/www.portalalerta.com.br\/?p=47852"},"modified":"2023-03-11T16:48:34","modified_gmt":"2023-03-11T19:48:34","slug":"prefeitura-de-ribeira-do-pombal-ba-distribui-150-mil-itens-pedagogicos-para-alunos-da-rede","status":"publish","type":"post","link":"https:\/\/www.portalalerta.com.br\/index.php\/2023\/03\/13\/prefeitura-de-ribeira-do-pombal-ba-distribui-150-mil-itens-pedagogicos-para-alunos-da-rede\/","title":{"rendered":"Prefeitura de Ribeira do Pombal-BA distribui 150 mil itens pedag\u00f3gicos para alunos da Rede"},"content":{"rendered":"\n<p>Com a volta \u00e0s aulas da Educa\u00e7\u00e3o Infantil a Prefeitura preparou uma cesta de presentes para as crian\u00e7as e adolescentes matriculadas nas creches e escolas da Rede Municipal: Kits de material escolar com objetos pedag\u00f3gicos necess\u00e1rios para o dia a dia das crian\u00e7as quando estiverem nas respectivas unidades escolares.<\/p>\n\n\n\n<!--more-->\n\n\n\n<p>Com a entrega realizada na \u00faltima quinta-feira (09), a a\u00e7\u00e3o aconteceu pelo terceiro ano consecutivo e representa um apoio importante para os alunos das creches e escolas municipais, pois contribuiu com a quest\u00e3o pedag\u00f3gica, assim tamb\u00e9m como no incentivo dos pais para a perman\u00eancia da crian\u00e7a na escola. Entre os itens distribu\u00eddos entre a educa\u00e7\u00e3o infantil e o n\u00edvel fundamental, foram mais de 8.700 alunos beneficiados com os kits preparados levando em conta as faixas et\u00e1rias e as s\u00e9ries de cada turma, que no geral s\u00e3o compostos dos seguintes materiais:<\/p>\n\n\n<div class=\"wp-block-image\">\n<figure class=\"alignright size-large is-resized\"><img fetchpriority=\"high\" decoding=\"async\" src=\"https:\/\/www.portalalerta.com.br\/wp-content\/uploads\/2023\/01\/Real-Volta-as-Aulas-2023-816x1024.jpeg\" alt=\"\" class=\"wp-image-46862\" width=\"368\" height=\"462\"\/><\/figure><\/div>\n\n\n<p><strong>Kits da Educa\u00e7\u00e3o Infantil<\/strong><br>Caderno de desenho<br>Caderno de brochura capa dura<br>L\u00e1pis de cor<br>Hidrocor<br>Massa de modelar<br>Tinta<br>Pincel<br>Vaso d\u2019\u00e1gua<br>Giz de cera<br>Tesoura<br>L\u00e1pis<br>borracha<br>Livros liter\u00e1rios<br>Agenda escolar<\/p>\n\n\n\n<p><strong>Kits do Ensino Fundamental<\/strong><br>Caderno brochura<br>Caderno de capa dura<br>L\u00e1pis preto<br>Borracha com ponteira<br>Borracha bicolor<br>Caneta hidrocor<br>Caderno de desenho<br>Cola branca<br>Classificador<br>R\u00e9gua<br>Tabuada<br>Tesoura sem ponta<br>Tinta guache<br>Caneta<br>L\u00e1pis de cor<br>Giz de cera<br>Caderno universit\u00e1rio (12 mat\u00e9rias)<br>Pincel<br>Massa de modelar<\/p>\n\n\n\n<p>Al\u00e9m dos materiais que ser\u00e3o entregues, a Secretaria de Educa\u00e7\u00e3o disponibilizar\u00e1 Biblioteca Infantil para todos Centros Municipais de Educa\u00e7\u00e3o Infantil (CMEIs) e Escolas com Educa\u00e7\u00e3o Infantil e um kit especial com brinquedos e itens coletivos. Ao todos s\u00e3o 11 CMEIs e 10 Escolas com Educa\u00e7\u00e3o Infantil que comp\u00f5em a Rede Municipal de Educa\u00e7\u00e3o.<\/p>\n\n\n\n<p>&nbsp;<em>Fonte: SECOM\/ Ribeira do Pombal<\/em><\/p>\n","protected":false},"excerpt":{"rendered":"<p>Com a volta \u00e0s aulas da Educa\u00e7\u00e3o Infantil a Prefeitura preparou uma cesta de presentes para as crian\u00e7as e adolescentes matriculadas nas creches e escolas da Rede Municipal: Kits de material escolar com objetos pedag\u00f3gicos necess\u00e1rios para o dia a dia das crian\u00e7as quando estiverem nas respectivas unidades escolares.<\/p>\n","protected":false},"author":2,"featured_media":47853,"comment_status":"open","ping_status":"open","sticky":false,"template":"","format":"standard","meta":{"om_disable_all_campaigns":false,"_monsterinsights_skip_tracking":false,"_monsterinsights_sitenote_active":false,"_monsterinsights_sitenote_note":"","_monsterinsights_sitenote_category":0,"footnotes":""},"categories":[70,20,69,32,3],"tags":[100,71,48,75,4178,4180,140,129,107,4181,132,230,4362,106,203,120,51,109,88,47,111,190],"class_list":["post-47852","post","type-post","status-publish","format-standard","has-post-thumbnail","hentry","category-destaques","category-educacao","category-noticias2","category-regiao","category-ribeira-do-pombal","tag-adustina","tag-antas","tag-araci","tag-cicero-dantas","tag-cipo-2","tag-crisopolis-2","tag-educacao","tag-euclides-da-cunha","tag-fatima","tag-heliopolis-2","tag-itapicuru","tag-jeremoabo","tag-material-escolar","tag-nova-soure","tag-novo-triunfo","tag-olindina","tag-paripiranga","tag-quijingue","tag-ribeira-do-amparo","tag-ribeira-do-pombal","tag-sitio-do-quinto","tag-tucano"],"aioseo_notices":[],"_links":{"self":[{"href":"https:\/\/www.portalalerta.com.br\/index.php\/wp-json\/wp\/v2\/posts\/47852","targetHints":{"allow":["GET"]}}],"collection":[{"href":"https:\/\/www.portalalerta.com.br\/index.php\/wp-json\/wp\/v2\/posts"}],"about":[{"href":"https:\/\/www.portalalerta.com.br\/index.php\/wp-json\/wp\/v2\/types\/post"}],"author":[{"embeddable":true,"href":"https:\/\/www.portalalerta.com.br\/index.php\/wp-json\/wp\/v2\/users\/2"}],"replies":[{"embeddable":true,"href":"https:\/\/www.portalalerta.com.br\/index.php\/wp-json\/wp\/v2\/comments?post=47852"}],"version-history":[{"count":1,"href":"https:\/\/www.portalalerta.com.br\/index.php\/wp-json\/wp\/v2\/posts\/47852\/revisions"}],"predecessor-version":[{"id":47854,"href":"https:\/\/www.portalalerta.com.br\/index.php\/wp-json\/wp\/v2\/posts\/47852\/revisions\/47854"}],"wp:featuredmedia":[{"embeddable":true,"href":"https:\/\/www.portalalerta.com.br\/index.php\/wp-json\/wp\/v2\/media\/47853"}],"wp:attachment":[{"href":"https:\/\/www.portalalerta.com.br\/index.php\/wp-json\/wp\/v2\/media?parent=47852"}],"wp:term":[{"taxonomy":"category","embeddable":true,"href":"https:\/\/www.portalalerta.com.br\/index.php\/wp-json\/wp\/v2\/categories?post=47852"},{"taxonomy":"post_tag","embeddable":true,"href":"https:\/\/www.portalalerta.com.br\/index.php\/wp-json\/wp\/v2\/tags?post=47852"}],"curies":[{"name":"wp","href":"https:\/\/api.w.org\/{rel}","templated":true}]}}