{"id":47859,"date":"2023-03-13T07:03:00","date_gmt":"2023-03-13T10:03:00","guid":{"rendered":"https:\/\/www.portalalerta.com.br\/?p=47859"},"modified":"2023-03-12T17:16:10","modified_gmt":"2023-03-12T20:16:10","slug":"primeiro-laboratorio-de-analises-clinicas-de-ribeira-do-pombal-ba-convida-a-todos-para-a-comemoracao-dos-41-anos","status":"publish","type":"post","link":"https:\/\/www.portalalerta.com.br\/index.php\/2023\/03\/13\/primeiro-laboratorio-de-analises-clinicas-de-ribeira-do-pombal-ba-convida-a-todos-para-a-comemoracao-dos-41-anos\/","title":{"rendered":"Primeiro Laborat\u00f3rio de An\u00e1lises Cl\u00ednicas de Ribeira do Pombal-BA convida a todos para a comemora\u00e7\u00e3o dos 41 anos!"},"content":{"rendered":"\n<p>O primeiro Laborat\u00f3rio de An\u00e1lises Cl\u00ednicas de Ribeira do Pombal-BA est\u00e1 completando 41 anos.<\/p>\n\n\n\n<!--more-->\n\n\n\n<p>Antes da Chegada do ELAB -Laborat\u00f3rio de An\u00e1lises Cl\u00ednicas, os Exames Laboratoriais eram realizados no interior do Hospital Municipal, ou atrav\u00e9s de um T\u00e9cnico em An\u00e1lises Cl\u00ednicas, por\u00e9m em 1982 iniciou uma nova hist\u00f3ria, que desde ent\u00e3o tem sido constru\u00edda em fam\u00edlia, atrav\u00e9s de Dr. Roberval, e seus filhos Kaio Moreno dos Anjos e Yuri Moreno dos Anjos.<\/p>\n\n\n<div class=\"wp-block-image\">\n<figure class=\"alignleft size-full is-resized\"><img fetchpriority=\"high\" decoding=\"async\" src=\"https:\/\/www.portalalerta.com.br\/wp-content\/uploads\/2021\/04\/ELAB.jpg\" alt=\"\" class=\"wp-image-34795\" width=\"409\" height=\"327\" srcset=\"https:\/\/www.portalalerta.com.br\/wp-content\/uploads\/2021\/04\/ELAB.jpg 1000w, https:\/\/www.portalalerta.com.br\/wp-content\/uploads\/2021\/04\/ELAB-300x240.jpg 300w, https:\/\/www.portalalerta.com.br\/wp-content\/uploads\/2021\/04\/ELAB-768x614.jpg 768w, https:\/\/www.portalalerta.com.br\/wp-content\/uploads\/2021\/04\/ELAB-183x146.jpg 183w, https:\/\/www.portalalerta.com.br\/wp-content\/uploads\/2021\/04\/ELAB-50x40.jpg 50w, https:\/\/www.portalalerta.com.br\/wp-content\/uploads\/2021\/04\/ELAB-94x75.jpg 94w\" sizes=\"(max-width: 409px) 100vw, 409px\" \/><\/figure><\/div>\n\n\n<p>Em comemora\u00e7\u00e3o aos 41 anos, o ELAB est\u00e1 convidando voc\u00ea, que \u00e9 respons\u00e1vel por esta hist\u00f3ria, para participar do Caf\u00e9 da Manh\u00e3 Especial, na manh\u00e3 desta segunda-feira (13), que ser\u00e1 realizado na Sede do Laborat\u00f3rio, situada na Rua Jo\u00e3o Fernandes (Rua da Ribeira), 362, centro de Ribeira do Pombal.<\/p>\n\n\n\n<p><em>Reda\u00e7\u00e3o: Portal Alerta &nbsp;<\/em><\/p>\n","protected":false},"excerpt":{"rendered":"<p>O primeiro Laborat\u00f3rio de An\u00e1lises Cl\u00ednicas de Ribeira do Pombal-BA est\u00e1 completando 41 anos.<\/p>\n","protected":false},"author":2,"featured_media":47860,"comment_status":"open","ping_status":"open","sticky":false,"template":"","format":"standard","meta":{"om_disable_all_campaigns":false,"_monsterinsights_skip_tracking":false,"_monsterinsights_sitenote_active":false,"_monsterinsights_sitenote_note":"","_monsterinsights_sitenote_category":0,"footnotes":""},"categories":[70,69,32,3],"tags":[100,5869,1089,71,48,75,4178,4180,1824,129,107,4181,132,230,1823,106,203,120,51,109,88,47,111,190],"class_list":["post-47859","post","type-post","status-publish","format-standard","has-post-thumbnail","hentry","category-destaques","category-noticias2","category-regiao","category-ribeira-do-pombal","tag-adustina","tag-analises-clinicas","tag-aniversario","tag-antas","tag-araci","tag-cicero-dantas","tag-cipo-2","tag-crisopolis-2","tag-elab","tag-euclides-da-cunha","tag-fatima","tag-heliopolis-2","tag-itapicuru","tag-jeremoabo","tag-laboratorio","tag-nova-soure","tag-novo-triunfo","tag-olindina","tag-paripiranga","tag-quijingue","tag-ribeira-do-amparo","tag-ribeira-do-pombal","tag-sitio-do-quinto","tag-tucano"],"aioseo_notices":[],"_links":{"self":[{"href":"https:\/\/www.portalalerta.com.br\/index.php\/wp-json\/wp\/v2\/posts\/47859","targetHints":{"allow":["GET"]}}],"collection":[{"href":"https:\/\/www.portalalerta.com.br\/index.php\/wp-json\/wp\/v2\/posts"}],"about":[{"href":"https:\/\/www.portalalerta.com.br\/index.php\/wp-json\/wp\/v2\/types\/post"}],"author":[{"embeddable":true,"href":"https:\/\/www.portalalerta.com.br\/index.php\/wp-json\/wp\/v2\/users\/2"}],"replies":[{"embeddable":true,"href":"https:\/\/www.portalalerta.com.br\/index.php\/wp-json\/wp\/v2\/comments?post=47859"}],"version-history":[{"count":2,"href":"https:\/\/www.portalalerta.com.br\/index.php\/wp-json\/wp\/v2\/posts\/47859\/revisions"}],"predecessor-version":[{"id":47883,"href":"https:\/\/www.portalalerta.com.br\/index.php\/wp-json\/wp\/v2\/posts\/47859\/revisions\/47883"}],"wp:featuredmedia":[{"embeddable":true,"href":"https:\/\/www.portalalerta.com.br\/index.php\/wp-json\/wp\/v2\/media\/47860"}],"wp:attachment":[{"href":"https:\/\/www.portalalerta.com.br\/index.php\/wp-json\/wp\/v2\/media?parent=47859"}],"wp:term":[{"taxonomy":"category","embeddable":true,"href":"https:\/\/www.portalalerta.com.br\/index.php\/wp-json\/wp\/v2\/categories?post=47859"},{"taxonomy":"post_tag","embeddable":true,"href":"https:\/\/www.portalalerta.com.br\/index.php\/wp-json\/wp\/v2\/tags?post=47859"}],"curies":[{"name":"wp","href":"https:\/\/api.w.org\/{rel}","templated":true}]}}