{"id":47862,"date":"2023-03-13T11:00:00","date_gmt":"2023-03-13T14:00:00","guid":{"rendered":"https:\/\/www.portalalerta.com.br\/?p=47862"},"modified":"2023-03-11T18:41:41","modified_gmt":"2023-03-11T21:41:41","slug":"dr-igor-coloca-seu-nome-para-ser-candidato-a-prefeito-de-tucano-ba-pelo-pt","status":"publish","type":"post","link":"https:\/\/www.portalalerta.com.br\/index.php\/2023\/03\/13\/dr-igor-coloca-seu-nome-para-ser-candidato-a-prefeito-de-tucano-ba-pelo-pt\/","title":{"rendered":"Dr Igor coloca seu nome para ser candidato a prefeito de Tucano-BA, pelo PT"},"content":{"rendered":"\n<p>Em evento comemorativo de 43 anos da sigla, realizado no distrito de Tracup\u00e1, o Partido dos Trabalhadores (PT) de Tucano-BA apresentou a inten\u00e7\u00e3o de lan\u00e7ar um candidato pr\u00f3prio nas elei\u00e7\u00f5es municipais de 2024.<\/p>\n\n\n\n<!--more-->\n\n\n<div class=\"wp-block-image\">\n<figure class=\"alignleft size-full\"><img fetchpriority=\"high\" decoding=\"async\" width=\"400\" height=\"300\" src=\"https:\/\/www.portalalerta.com.br\/wp-content\/uploads\/2023\/01\/Auto-Escola-Sonho.jpg\" alt=\"\" class=\"wp-image-47083\" srcset=\"https:\/\/www.portalalerta.com.br\/wp-content\/uploads\/2023\/01\/Auto-Escola-Sonho.jpg 400w, https:\/\/www.portalalerta.com.br\/wp-content\/uploads\/2023\/01\/Auto-Escola-Sonho-320x240.jpg 320w\" sizes=\"(max-width: 400px) 100vw, 400px\" \/><\/figure><\/div>\n\n\n<p>Com a presen\u00e7a da deputada estadual F\u00e1tima Nunes (PT), do presidente do partido, S\u00e9rgio Evangelista, filiados e de outras autoridades pol\u00edticas, da cidade e regi\u00e3o, Dr. Igor, ex-prefeito do munic\u00edpio, colocou seu nome \u00e0 disposi\u00e7\u00e3o para a disputa no pr\u00f3ximo ano.<\/p>\n\n\n\n<p><em>Fonte: Joilson Costa<\/em><\/p>\n\n\n\n<p><em>Com informa\u00e7otes: Retratos e Fatos<\/em><\/p>\n","protected":false},"excerpt":{"rendered":"<p>Em evento comemorativo de 43 anos da sigla, realizado no distrito de Tracup\u00e1, o Partido dos Trabalhadores (PT) de Tucano-BA apresentou a inten\u00e7\u00e3o de lan\u00e7ar um candidato pr\u00f3prio nas elei\u00e7\u00f5es municipais de 2024.<\/p>\n","protected":false},"author":2,"featured_media":36416,"comment_status":"open","ping_status":"open","sticky":false,"template":"","format":"standard","meta":{"om_disable_all_campaigns":false,"_monsterinsights_skip_tracking":false,"_monsterinsights_sitenote_active":false,"_monsterinsights_sitenote_note":"","_monsterinsights_sitenote_category":0,"footnotes":""},"categories":[70,69,21,32,12],"tags":[100,71,48,1607,75,4178,4180,3375,129,107,4181,132,230,106,203,120,51,199,198,304,109,88,47,111,190],"class_list":["post-47862","post","type-post","status-publish","format-standard","has-post-thumbnail","hentry","category-destaques","category-noticias2","category-politica","category-regiao","category-tucano","tag-adustina","tag-antas","tag-araci","tag-candidato","tag-cicero-dantas","tag-cipo-2","tag-crisopolis-2","tag-dr-igor","tag-euclides-da-cunha","tag-fatima","tag-heliopolis-2","tag-itapicuru","tag-jeremoabo","tag-nova-soure","tag-novo-triunfo","tag-olindina","tag-paripiranga","tag-politica","tag-prefeito","tag-pt","tag-quijingue","tag-ribeira-do-amparo","tag-ribeira-do-pombal","tag-sitio-do-quinto","tag-tucano"],"aioseo_notices":[],"_links":{"self":[{"href":"https:\/\/www.portalalerta.com.br\/index.php\/wp-json\/wp\/v2\/posts\/47862","targetHints":{"allow":["GET"]}}],"collection":[{"href":"https:\/\/www.portalalerta.com.br\/index.php\/wp-json\/wp\/v2\/posts"}],"about":[{"href":"https:\/\/www.portalalerta.com.br\/index.php\/wp-json\/wp\/v2\/types\/post"}],"author":[{"embeddable":true,"href":"https:\/\/www.portalalerta.com.br\/index.php\/wp-json\/wp\/v2\/users\/2"}],"replies":[{"embeddable":true,"href":"https:\/\/www.portalalerta.com.br\/index.php\/wp-json\/wp\/v2\/comments?post=47862"}],"version-history":[{"count":1,"href":"https:\/\/www.portalalerta.com.br\/index.php\/wp-json\/wp\/v2\/posts\/47862\/revisions"}],"predecessor-version":[{"id":47863,"href":"https:\/\/www.portalalerta.com.br\/index.php\/wp-json\/wp\/v2\/posts\/47862\/revisions\/47863"}],"wp:featuredmedia":[{"embeddable":true,"href":"https:\/\/www.portalalerta.com.br\/index.php\/wp-json\/wp\/v2\/media\/36416"}],"wp:attachment":[{"href":"https:\/\/www.portalalerta.com.br\/index.php\/wp-json\/wp\/v2\/media?parent=47862"}],"wp:term":[{"taxonomy":"category","embeddable":true,"href":"https:\/\/www.portalalerta.com.br\/index.php\/wp-json\/wp\/v2\/categories?post=47862"},{"taxonomy":"post_tag","embeddable":true,"href":"https:\/\/www.portalalerta.com.br\/index.php\/wp-json\/wp\/v2\/tags?post=47862"}],"curies":[{"name":"wp","href":"https:\/\/api.w.org\/{rel}","templated":true}]}}