{"id":47877,"date":"2023-03-13T18:01:00","date_gmt":"2023-03-13T21:01:00","guid":{"rendered":"https:\/\/www.portalalerta.com.br\/?p=47877"},"modified":"2023-03-13T19:40:54","modified_gmt":"2023-03-13T22:40:54","slug":"eriksson-silva-tem-sua-primeira-conta-aprovada-pelo-tcm","status":"publish","type":"post","link":"https:\/\/www.portalalerta.com.br\/index.php\/2023\/03\/13\/eriksson-silva-tem-sua-primeira-conta-aprovada-pelo-tcm\/","title":{"rendered":"Eriksson Silva tem sua primeira conta aprovada pelo TCM"},"content":{"rendered":"\n<p>Aprova\u00e7\u00e3o das contas pelo TCM representa importante reconhecimento da gest\u00e3o e refor\u00e7a compromisso com a transpar\u00eancia e responsabilidade na gest\u00e3o dos recursos p\u00fablicos.<\/p>\n\n\n\n<!--more-->\n\n\n\n<p>O Tribunal de Contas dos Munic\u00edpios (TCM) aprovou as contas de 2021 da Prefeitura de Ribeira do Pombal, munic\u00edpio localizado no interior da Bahia. Essa \u00e9 uma \u00f3tima not\u00edcia para o prefeito Erikson Silva, que comemorou a decis\u00e3o nas redes sociais.<\/p>\n\n\n<div class=\"wp-block-image\">\n<figure class=\"alignleft size-full\"><img fetchpriority=\"high\" decoding=\"async\" width=\"400\" height=\"300\" src=\"https:\/\/www.portalalerta.com.br\/wp-content\/uploads\/2023\/01\/Auto-Escola-Sonho.jpg\" alt=\"\" class=\"wp-image-47083\" srcset=\"https:\/\/www.portalalerta.com.br\/wp-content\/uploads\/2023\/01\/Auto-Escola-Sonho.jpg 400w, https:\/\/www.portalalerta.com.br\/wp-content\/uploads\/2023\/01\/Auto-Escola-Sonho-320x240.jpg 320w\" sizes=\"(max-width: 400px) 100vw, 400px\" \/><\/figure><\/div>\n\n\n<p>Essa foi a primeira administra\u00e7\u00e3o de Erikson Silva \u00e0 frente da prefeitura de Ribeira do Pombal e a aprova\u00e7\u00e3o das contas pelo TCM \u00e9 um importante reconhecimento do trabalho realizado pela gest\u00e3o. O prefeito agradeceu a confian\u00e7a do tribunal e reafirmou seu compromisso em trabalhar em prol do desenvolvimento do munic\u00edpio.<\/p>\n\n\n\n<p>Segundo o TCM, as contas da prefeitura foram analisadas criteriosamente e n\u00e3o foram encontradas irregularidades que pudessem comprometer a gest\u00e3o dos recursos p\u00fablicos.<\/p>\n\n\n\n<p>Para o prefeito Erikson Silva, a aprova\u00e7\u00e3o das contas \u00e9 motivo de satisfa\u00e7\u00e3o e reconhecimento do esfor\u00e7o da equipe em manter as contas em dia. \u201cGest\u00e3o profissional aqui temos! Gratid\u00e3o a toda equipe pela dedica\u00e7\u00e3o de sempre e nos ajudar a fazer uma administra\u00e7\u00e3o de sucesso. \u00c9 nesse ritmo que seguimos para, cada vez mais, trazer desenvolvimento para Ribeira do Pombal.\u201d escreveu o gestor.<\/p>\n\n\n\n<p>\u00c9 um momento importante para todos n\u00f3s, que trabalhamos com transpar\u00eancia e responsabilidade para garantir o melhor para nossa cidade\u201d, afirmou.<\/p>\n\n\n\n<p>Com a aprova\u00e7\u00e3o das contas de 2021, a prefeitura de Ribeira do Pombal poder\u00e1 continuar investindo em \u00e1reas priorit\u00e1rias como sa\u00fade, educa\u00e7\u00e3o, infraestrutura e servi\u00e7os p\u00fablicos, contribuindo para o desenvolvimento da cidade e o bem-estar da popula\u00e7\u00e3o.<\/p>\n\n\n\n<p><em>Fonte: Dia a Dia Nordeste<\/em><\/p>\n","protected":false},"excerpt":{"rendered":"<p>Aprova\u00e7\u00e3o das contas pelo TCM representa importante reconhecimento da gest\u00e3o e refor\u00e7a compromisso com a transpar\u00eancia e responsabilidade na gest\u00e3o dos recursos p\u00fablicos.<\/p>\n","protected":false},"author":2,"featured_media":30633,"comment_status":"open","ping_status":"open","sticky":false,"template":"","format":"standard","meta":{"om_disable_all_campaigns":false,"_monsterinsights_skip_tracking":false,"_monsterinsights_sitenote_active":false,"_monsterinsights_sitenote_note":"","_monsterinsights_sitenote_category":0,"footnotes":""},"categories":[70,69,21,32,3],"tags":[100,71,48,75,4178,1048,4180,3400,129,107,4181,132,230,106,203,120,51,109,88,47,111,72,190],"class_list":["post-47877","post","type-post","status-publish","format-standard","has-post-thumbnail","hentry","category-destaques","category-noticias2","category-politica","category-regiao","category-ribeira-do-pombal","tag-adustina","tag-antas","tag-araci","tag-cicero-dantas","tag-cipo-2","tag-contas-aprovadas","tag-crisopolis-2","tag-eriksson-silva","tag-euclides-da-cunha","tag-fatima","tag-heliopolis-2","tag-itapicuru","tag-jeremoabo","tag-nova-soure","tag-novo-triunfo","tag-olindina","tag-paripiranga","tag-quijingue","tag-ribeira-do-amparo","tag-ribeira-do-pombal","tag-sitio-do-quinto","tag-tcm","tag-tucano"],"aioseo_notices":[],"_links":{"self":[{"href":"https:\/\/www.portalalerta.com.br\/index.php\/wp-json\/wp\/v2\/posts\/47877","targetHints":{"allow":["GET"]}}],"collection":[{"href":"https:\/\/www.portalalerta.com.br\/index.php\/wp-json\/wp\/v2\/posts"}],"about":[{"href":"https:\/\/www.portalalerta.com.br\/index.php\/wp-json\/wp\/v2\/types\/post"}],"author":[{"embeddable":true,"href":"https:\/\/www.portalalerta.com.br\/index.php\/wp-json\/wp\/v2\/users\/2"}],"replies":[{"embeddable":true,"href":"https:\/\/www.portalalerta.com.br\/index.php\/wp-json\/wp\/v2\/comments?post=47877"}],"version-history":[{"count":1,"href":"https:\/\/www.portalalerta.com.br\/index.php\/wp-json\/wp\/v2\/posts\/47877\/revisions"}],"predecessor-version":[{"id":47878,"href":"https:\/\/www.portalalerta.com.br\/index.php\/wp-json\/wp\/v2\/posts\/47877\/revisions\/47878"}],"wp:featuredmedia":[{"embeddable":true,"href":"https:\/\/www.portalalerta.com.br\/index.php\/wp-json\/wp\/v2\/media\/30633"}],"wp:attachment":[{"href":"https:\/\/www.portalalerta.com.br\/index.php\/wp-json\/wp\/v2\/media?parent=47877"}],"wp:term":[{"taxonomy":"category","embeddable":true,"href":"https:\/\/www.portalalerta.com.br\/index.php\/wp-json\/wp\/v2\/categories?post=47877"},{"taxonomy":"post_tag","embeddable":true,"href":"https:\/\/www.portalalerta.com.br\/index.php\/wp-json\/wp\/v2\/tags?post=47877"}],"curies":[{"name":"wp","href":"https:\/\/api.w.org\/{rel}","templated":true}]}}