{"id":47895,"date":"2023-03-14T22:35:31","date_gmt":"2023-03-15T01:35:31","guid":{"rendered":"https:\/\/www.portalalerta.com.br\/?p=47895"},"modified":"2023-03-14T22:35:33","modified_gmt":"2023-03-15T01:35:33","slug":"vagner-gomes-da-silva-e-o-novo-superintendente-da-prf-na-bahia","status":"publish","type":"post","link":"https:\/\/www.portalalerta.com.br\/index.php\/2023\/03\/14\/vagner-gomes-da-silva-e-o-novo-superintendente-da-prf-na-bahia\/","title":{"rendered":"Vagner Gomes da Silva \u00e9 o novo Superintendente da PRF na Bahia"},"content":{"rendered":"\n<p>O novo dirigente, de 47 anos, sucede o policial Virg\u00edlio de Paula Tourinho, que ficou no comando da institui\u00e7\u00e3o at\u00e9 janeiro deste ano. Durante o per\u00edodo de transi\u00e7\u00e3o o inspetor Ant\u00f4nio S\u00e9rgio Mello Freitas estava como Superintendente Substituto.<\/p>\n\n\n\n<!--more-->\n\n\n\n<p>Foi publicada no Di\u00e1rio Oficial da Uni\u00e3o, na manh\u00e3 desta segunda-feira (13), a designa\u00e7\u00e3o do policial rodovi\u00e1rio federal Vagner Gomes da Silva para ser o novo Superintendente-Regional na BA.&nbsp;<\/p>\n\n\n\n<p>Vagner tem 47 anos e \u00e9 natural de Nova F\u00e1tima\/BA. Possui licenciatura em Letras pela Universidade Estadual de Feira de Santana (UEFS) e tem Bacharelado em Seguran\u00e7a P\u00fablica pela Academia de Pol\u00edcia Militar da Bahia. Ingressou na PRF no ano de 2004 e acumula diversas experi\u00eancias e fun\u00e7\u00f5es desde ent\u00e3o.<\/p>\n\n\n\n<p>Atuou como Chefe substituto do N\u00facleo de Opera\u00e7\u00f5es Especiais (2009), Chefe do N\u00facleo de Policiamento e Fiscaliza\u00e7\u00e3o da Delegacia PRF em Feira de Santana-BA (2018) e recentemente foi eleito Delegado Representante do Sindicato dos Policiais Rodovi\u00e1rios Federais na Bahia SINPRF\/BA.<\/p>\n\n\n\n<p>Desejamos ao Superintendente todo o sucesso neste novo cargo.<\/p>\n\n\n\n<p><em>Fonte: Gov.br<\/em><\/p>\n","protected":false},"excerpt":{"rendered":"<p>O novo dirigente, de 47 anos, sucede o policial Virg\u00edlio de Paula Tourinho, que ficou no comando da institui\u00e7\u00e3o at\u00e9 janeiro deste ano. Durante o per\u00edodo de transi\u00e7\u00e3o o inspetor Ant\u00f4nio S\u00e9rgio Mello Freitas estava como Superintendente Substituto.<\/p>\n","protected":false},"author":2,"featured_media":47896,"comment_status":"open","ping_status":"open","sticky":false,"template":"","format":"standard","meta":{"om_disable_all_campaigns":false,"_monsterinsights_skip_tracking":false,"_monsterinsights_sitenote_active":false,"_monsterinsights_sitenote_note":"","_monsterinsights_sitenote_category":0,"footnotes":""},"categories":[33,70,69,22],"tags":[100,71,48,54,75,4178,4180,129,107,4181,132,230,106,203,120,51,149,109,88,47,111,5983,190],"class_list":["post-47895","post","type-post","status-publish","format-standard","has-post-thumbnail","hentry","category-bahia","category-destaques","category-noticias2","category-seguranca","tag-adustina","tag-antas","tag-araci","tag-bahia","tag-cicero-dantas","tag-cipo-2","tag-crisopolis-2","tag-euclides-da-cunha","tag-fatima","tag-heliopolis-2","tag-itapicuru","tag-jeremoabo","tag-nova-soure","tag-novo-triunfo","tag-olindina","tag-paripiranga","tag-prf","tag-quijingue","tag-ribeira-do-amparo","tag-ribeira-do-pombal","tag-sitio-do-quinto","tag-superintendente","tag-tucano"],"aioseo_notices":[],"_links":{"self":[{"href":"https:\/\/www.portalalerta.com.br\/index.php\/wp-json\/wp\/v2\/posts\/47895","targetHints":{"allow":["GET"]}}],"collection":[{"href":"https:\/\/www.portalalerta.com.br\/index.php\/wp-json\/wp\/v2\/posts"}],"about":[{"href":"https:\/\/www.portalalerta.com.br\/index.php\/wp-json\/wp\/v2\/types\/post"}],"author":[{"embeddable":true,"href":"https:\/\/www.portalalerta.com.br\/index.php\/wp-json\/wp\/v2\/users\/2"}],"replies":[{"embeddable":true,"href":"https:\/\/www.portalalerta.com.br\/index.php\/wp-json\/wp\/v2\/comments?post=47895"}],"version-history":[{"count":1,"href":"https:\/\/www.portalalerta.com.br\/index.php\/wp-json\/wp\/v2\/posts\/47895\/revisions"}],"predecessor-version":[{"id":47897,"href":"https:\/\/www.portalalerta.com.br\/index.php\/wp-json\/wp\/v2\/posts\/47895\/revisions\/47897"}],"wp:featuredmedia":[{"embeddable":true,"href":"https:\/\/www.portalalerta.com.br\/index.php\/wp-json\/wp\/v2\/media\/47896"}],"wp:attachment":[{"href":"https:\/\/www.portalalerta.com.br\/index.php\/wp-json\/wp\/v2\/media?parent=47895"}],"wp:term":[{"taxonomy":"category","embeddable":true,"href":"https:\/\/www.portalalerta.com.br\/index.php\/wp-json\/wp\/v2\/categories?post=47895"},{"taxonomy":"post_tag","embeddable":true,"href":"https:\/\/www.portalalerta.com.br\/index.php\/wp-json\/wp\/v2\/tags?post=47895"}],"curies":[{"name":"wp","href":"https:\/\/api.w.org\/{rel}","templated":true}]}}