{"id":47898,"date":"2023-03-14T22:54:48","date_gmt":"2023-03-15T01:54:48","guid":{"rendered":"https:\/\/www.portalalerta.com.br\/?p=47898"},"modified":"2023-03-14T23:17:05","modified_gmt":"2023-03-15T02:17:05","slug":"chuva-alaga-ruas-interdita-estradas-e-deixa-carros-ilhados-na-cidade-de-cicero-dantas-ba","status":"publish","type":"post","link":"https:\/\/www.portalalerta.com.br\/index.php\/2023\/03\/14\/chuva-alaga-ruas-interdita-estradas-e-deixa-carros-ilhados-na-cidade-de-cicero-dantas-ba\/","title":{"rendered":"Chuva alaga ruas, interdita estradas e deixa carros ilhados na cidade de C\u00edcero Dantas-BA"},"content":{"rendered":"\n<p>Temporal atingiu a cidade nesta ter\u00e7a-feira (14). Segundo o prefeito da cidade, n\u00e3o h\u00e1 registros de feridos nem desalojados.<\/p>\n\n\n\n<!--more-->\n\n\n\n<p>A chuva provocou alagamentos e causou transtornos ao longo desta ter\u00e7a-feira (14), na cidade de C\u00edcero Dantas-BA.<\/p>\n\n\n<div class=\"wp-block-image\">\n<figure class=\"alignleft size-full is-resized\"><img fetchpriority=\"high\" decoding=\"async\" src=\"https:\/\/www.portalalerta.com.br\/wp-content\/uploads\/2021\/04\/ELAB.jpg\" alt=\"\" class=\"wp-image-34795\" width=\"416\" height=\"332\" srcset=\"https:\/\/www.portalalerta.com.br\/wp-content\/uploads\/2021\/04\/ELAB.jpg 1000w, https:\/\/www.portalalerta.com.br\/wp-content\/uploads\/2021\/04\/ELAB-300x240.jpg 300w, https:\/\/www.portalalerta.com.br\/wp-content\/uploads\/2021\/04\/ELAB-768x614.jpg 768w, https:\/\/www.portalalerta.com.br\/wp-content\/uploads\/2021\/04\/ELAB-183x146.jpg 183w, https:\/\/www.portalalerta.com.br\/wp-content\/uploads\/2021\/04\/ELAB-50x40.jpg 50w, https:\/\/www.portalalerta.com.br\/wp-content\/uploads\/2021\/04\/ELAB-94x75.jpg 94w\" sizes=\"(max-width: 416px) 100vw, 416px\" \/><\/figure><\/div>\n\n\n<p>Nas imagens feitas por moradores, \u00e9 poss\u00edvel ver a \u00e1gua tomando as ruas do munic\u00edpio e atingindo ve\u00edculos estacionados, que ficaram ilhados.<\/p>\n\n\n\n<p>De acordo com o prefeito do munic\u00edpio, Ricardo Almeida Nunes da Silva (PP), o temporal come\u00e7ou na manh\u00e3 de ter\u00e7a-feira e seguiu no come\u00e7o da noite.<\/p>\n\n\n\n<p>Ricardo Almeida informou ainda que as estradas que d\u00e3o acesso \u00e0 zona rural precisaram ser interditadas e redes de esgotos estouraram por conta da for\u00e7a da \u00e1gua. Apesar disso, ainda n\u00e3o h\u00e1 registros de feridos, nem de desalojados.<\/p>\n\n\n\n<p>Segundo o Instituto Nacional de Meteorologia (Inmet), a previs\u00e3o de quarta-feira (15) na cidade \u00e9 de muitas nuvens com chuvas isoladas, com m\u00ednima de 19\u00b0C e m\u00e1xima de 31\u00b0C.<\/p>\n\n\n\n<p><em>Fonte: Pa4<\/em><\/p>\n\n\n\n<p>Imagem: C\u00edcero Dantas Acontece <\/p>\n","protected":false},"excerpt":{"rendered":"<p>Temporal atingiu a cidade nesta ter\u00e7a-feira (14). Segundo o prefeito da cidade, n\u00e3o h\u00e1 registros de feridos nem desalojados.<\/p>\n","protected":false},"author":2,"featured_media":47899,"comment_status":"open","ping_status":"open","sticky":false,"template":"","format":"standard","meta":{"om_disable_all_campaigns":false,"_monsterinsights_skip_tracking":false,"_monsterinsights_sitenote_active":false,"_monsterinsights_sitenote_note":"","_monsterinsights_sitenote_category":0,"footnotes":""},"categories":[4,70,69,32],"tags":[100,1832,71,48,1977,75,4178,4180,129,107,4181,132,230,106,203,120,51,109,88,47,111,5984,190],"class_list":["post-47898","post","type-post","status-publish","format-standard","has-post-thumbnail","hentry","category-cicero-dantas","category-destaques","category-noticias2","category-regiao","tag-adustina","tag-alagamento","tag-antas","tag-araci","tag-chuvas","tag-cicero-dantas","tag-cipo-2","tag-crisopolis-2","tag-euclides-da-cunha","tag-fatima","tag-heliopolis-2","tag-itapicuru","tag-jeremoabo","tag-nova-soure","tag-novo-triunfo","tag-olindina","tag-paripiranga","tag-quijingue","tag-ribeira-do-amparo","tag-ribeira-do-pombal","tag-sitio-do-quinto","tag-transtornos","tag-tucano"],"aioseo_notices":[],"_links":{"self":[{"href":"https:\/\/www.portalalerta.com.br\/index.php\/wp-json\/wp\/v2\/posts\/47898","targetHints":{"allow":["GET"]}}],"collection":[{"href":"https:\/\/www.portalalerta.com.br\/index.php\/wp-json\/wp\/v2\/posts"}],"about":[{"href":"https:\/\/www.portalalerta.com.br\/index.php\/wp-json\/wp\/v2\/types\/post"}],"author":[{"embeddable":true,"href":"https:\/\/www.portalalerta.com.br\/index.php\/wp-json\/wp\/v2\/users\/2"}],"replies":[{"embeddable":true,"href":"https:\/\/www.portalalerta.com.br\/index.php\/wp-json\/wp\/v2\/comments?post=47898"}],"version-history":[{"count":2,"href":"https:\/\/www.portalalerta.com.br\/index.php\/wp-json\/wp\/v2\/posts\/47898\/revisions"}],"predecessor-version":[{"id":47901,"href":"https:\/\/www.portalalerta.com.br\/index.php\/wp-json\/wp\/v2\/posts\/47898\/revisions\/47901"}],"wp:featuredmedia":[{"embeddable":true,"href":"https:\/\/www.portalalerta.com.br\/index.php\/wp-json\/wp\/v2\/media\/47899"}],"wp:attachment":[{"href":"https:\/\/www.portalalerta.com.br\/index.php\/wp-json\/wp\/v2\/media?parent=47898"}],"wp:term":[{"taxonomy":"category","embeddable":true,"href":"https:\/\/www.portalalerta.com.br\/index.php\/wp-json\/wp\/v2\/categories?post=47898"},{"taxonomy":"post_tag","embeddable":true,"href":"https:\/\/www.portalalerta.com.br\/index.php\/wp-json\/wp\/v2\/tags?post=47898"}],"curies":[{"name":"wp","href":"https:\/\/api.w.org\/{rel}","templated":true}]}}