{"id":47904,"date":"2023-03-15T07:01:00","date_gmt":"2023-03-15T10:01:00","guid":{"rendered":"https:\/\/www.portalalerta.com.br\/?p=47904"},"modified":"2023-03-15T01:10:26","modified_gmt":"2023-03-15T04:10:26","slug":"tribunal-de-justica-da-bahia-realiza-projeto-agiliza-dpvat-com-audiencias-concentradas-em-ribeira-do-pombal-ba","status":"publish","type":"post","link":"https:\/\/www.portalalerta.com.br\/index.php\/2023\/03\/15\/tribunal-de-justica-da-bahia-realiza-projeto-agiliza-dpvat-com-audiencias-concentradas-em-ribeira-do-pombal-ba\/","title":{"rendered":"Tribunal de Justi\u00e7a da Bahia realiza projeto Agiliza DPVAT com audi\u00eancias concentradas em Ribeira do Pombal-BA"},"content":{"rendered":"\n<p>O projeto Agiliza DPVAT, desenvolvido pela Corregedoria das Comarcas do Interior (CCI) do Tribunal de Justi\u00e7a da Bahia (TJBA), realizar\u00e1 audi\u00eancias concentradas em processos com pedidos de indeniza\u00e7\u00e3o do Seguro Obrigat\u00f3rio de Danos Pessoais Causados por Ve\u00edculos Automotores de Vias Terrestres (DPVAT), em comarcas de entr\u00e2ncia inicial e intermedi\u00e1ria. As primeiras audi\u00eancias ser\u00e3o realizadas de 3 a 5 de maio em Ribeira do Pombal, cidade a 280 quil\u00f4metros de Salvador, como sede do projeto piloto. Durante esse per\u00edodo, ser\u00e3o realizadas per\u00edcias m\u00e9dicas, audi\u00eancias de concilia\u00e7\u00e3o e instru\u00e7\u00e3o, com julgamento dos processos aptos.<\/p>\n\n\n\n<!--more-->\n\n\n<div class=\"wp-block-image\">\n<figure class=\"alignleft size-large is-resized\"><img fetchpriority=\"high\" decoding=\"async\" src=\"https:\/\/www.portalalerta.com.br\/wp-content\/uploads\/2023\/01\/Real-Volta-as-Aulas-2023-816x1024.jpeg\" alt=\"\" class=\"wp-image-46862\" width=\"379\" height=\"476\"\/><\/figure><\/div>\n\n\n<p>A participa\u00e7\u00e3o \u00e9 limitada aos pedidos de indeniza\u00e7\u00e3o de Seguro DPVAT relativos a acidentes ocorridos at\u00e9 31 de dezembro de 2020. Os autores interessados em cadastrar processos de outras comarcas para participar das audi\u00eancias em Ribeira do Pombal devem se inscrever por meio de um formul\u00e1rio dispon\u00edvel no site, no prazo de 20 dias contados a partir da publica\u00e7\u00e3o do Provimento CCI n\u00ba 01\/2023\/GSEC.<\/p>\n\n\n\n<p>Al\u00e9m disso, as partes e os advogados dos processos em tr\u00e2mite em Teofil\u00e2ndia, Serrinha e Euclides da Cunha ser\u00e3o intimados para manifestar interesse em participar das audi\u00eancias, sem preju\u00edzo da inser\u00e7\u00e3o dos processos de outras comarcas. O custo da per\u00edcia, por avalia\u00e7\u00e3o m\u00e9dica, ser\u00e1 responsabilidade da Seguradora L\u00edder. O Corregedor das Comarcas do Interior, Desembargador Jatahy J\u00fanior, ressalta que o projeto visa apoiar ju\u00edzes e servidores, trazendo mais celeridade e efic\u00e1cia para a presta\u00e7\u00e3o jurisdicional.<\/p>\n\n\n\n<p><em>Fonte: Dia a Dia Nordeste<\/em><\/p>\n","protected":false},"excerpt":{"rendered":"<p>O projeto Agiliza DPVAT, desenvolvido pela Corregedoria das Comarcas do Interior (CCI) do Tribunal de Justi\u00e7a da Bahia (TJBA), realizar\u00e1 audi\u00eancias concentradas em processos com pedidos de indeniza\u00e7\u00e3o do Seguro Obrigat\u00f3rio de Danos Pessoais Causados por Ve\u00edculos Automotores de Vias Terrestres (DPVAT), em comarcas de entr\u00e2ncia inicial e intermedi\u00e1ria. As primeiras audi\u00eancias ser\u00e3o realizadas de &hellip;<\/p>\n","protected":false},"author":2,"featured_media":47905,"comment_status":"open","ping_status":"open","sticky":false,"template":"","format":"standard","meta":{"om_disable_all_campaigns":false,"_monsterinsights_skip_tracking":false,"_monsterinsights_sitenote_active":false,"_monsterinsights_sitenote_note":"","_monsterinsights_sitenote_category":0,"footnotes":""},"categories":[70,69,32,3],"tags":[100,71,48,54,75,4178,4180,129,107,4181,132,230,106,203,120,51,109,88,47,5986,111,5985],"class_list":["post-47904","post","type-post","status-publish","format-standard","has-post-thumbnail","hentry","category-destaques","category-noticias2","category-regiao","category-ribeira-do-pombal","tag-adustina","tag-antas","tag-araci","tag-bahia","tag-cicero-dantas","tag-cipo-2","tag-crisopolis-2","tag-euclides-da-cunha","tag-fatima","tag-heliopolis-2","tag-itapicuru","tag-jeremoabo","tag-nova-soure","tag-novo-triunfo","tag-olindina","tag-paripiranga","tag-quijingue","tag-ribeira-do-amparo","tag-ribeira-do-pombal","tag-seguro-dpvat","tag-sitio-do-quinto","tag-tjba"],"aioseo_notices":[],"_links":{"self":[{"href":"https:\/\/www.portalalerta.com.br\/index.php\/wp-json\/wp\/v2\/posts\/47904","targetHints":{"allow":["GET"]}}],"collection":[{"href":"https:\/\/www.portalalerta.com.br\/index.php\/wp-json\/wp\/v2\/posts"}],"about":[{"href":"https:\/\/www.portalalerta.com.br\/index.php\/wp-json\/wp\/v2\/types\/post"}],"author":[{"embeddable":true,"href":"https:\/\/www.portalalerta.com.br\/index.php\/wp-json\/wp\/v2\/users\/2"}],"replies":[{"embeddable":true,"href":"https:\/\/www.portalalerta.com.br\/index.php\/wp-json\/wp\/v2\/comments?post=47904"}],"version-history":[{"count":1,"href":"https:\/\/www.portalalerta.com.br\/index.php\/wp-json\/wp\/v2\/posts\/47904\/revisions"}],"predecessor-version":[{"id":47906,"href":"https:\/\/www.portalalerta.com.br\/index.php\/wp-json\/wp\/v2\/posts\/47904\/revisions\/47906"}],"wp:featuredmedia":[{"embeddable":true,"href":"https:\/\/www.portalalerta.com.br\/index.php\/wp-json\/wp\/v2\/media\/47905"}],"wp:attachment":[{"href":"https:\/\/www.portalalerta.com.br\/index.php\/wp-json\/wp\/v2\/media?parent=47904"}],"wp:term":[{"taxonomy":"category","embeddable":true,"href":"https:\/\/www.portalalerta.com.br\/index.php\/wp-json\/wp\/v2\/categories?post=47904"},{"taxonomy":"post_tag","embeddable":true,"href":"https:\/\/www.portalalerta.com.br\/index.php\/wp-json\/wp\/v2\/tags?post=47904"}],"curies":[{"name":"wp","href":"https:\/\/api.w.org\/{rel}","templated":true}]}}