{"id":47907,"date":"2023-03-15T07:02:00","date_gmt":"2023-03-15T10:02:00","guid":{"rendered":"https:\/\/www.portalalerta.com.br\/?p=47907"},"modified":"2023-03-15T01:16:14","modified_gmt":"2023-03-15T04:16:14","slug":"homem-morre-apos-ser-atingido-por-disparo-de-arma-de-fogo-em-euclides-da-cunha-ba","status":"publish","type":"post","link":"https:\/\/www.portalalerta.com.br\/index.php\/2023\/03\/15\/homem-morre-apos-ser-atingido-por-disparo-de-arma-de-fogo-em-euclides-da-cunha-ba\/","title":{"rendered":"Homem morre ap\u00f3s ser atingido por disparo de arma de fogo, em Euclides da Cunha-BA"},"content":{"rendered":"\n<p>Um homem de 32 anos, identificado como Lindebaldo Batista, morreu ap\u00f3s ser atingido por um proj\u00e9til de arma de fogo, fato ocorrido nesta segunda-feira (13), no bairro Caixa D\u00b4\u00c1gua, cidade de Euclides da Cunha \u2013 BA.<\/p>\n\n\n\n<!--more-->\n\n\n\n<p>Segundo consta, \u201cLindo\u201d, como era conhecido Lindebaldo, foi ferido na pr\u00f3pria resid\u00eancia. As circunst\u00e2ncias s\u00e3o desconhecidas e as primeiras hip\u00f3teses apontam para a pr\u00e1tica de disparo contra o pr\u00f3prio corpo.<\/p>\n\n\n\n<p>Lindebaldo recebeu atendimento de emerg\u00eancia hospitalar, foi transferido para uma unidade de sa\u00fade com suporte avan\u00e7ado, mas n\u00e3o resistiu e teve morte confirmada&nbsp;posteriormente.<\/p>\n\n\n\n<p><em>Fonte: euclidesdacunha.com<\/em><\/p>\n","protected":false},"excerpt":{"rendered":"<p>Um homem de 32 anos, identificado como Lindebaldo Batista, morreu ap\u00f3s ser atingido por um proj\u00e9til de arma de fogo, fato ocorrido nesta segunda-feira (13), no bairro Caixa D\u00b4\u00c1gua, cidade de Euclides da Cunha \u2013 BA.<\/p>\n","protected":false},"author":2,"featured_media":47908,"comment_status":"open","ping_status":"open","sticky":false,"template":"","format":"standard","meta":{"om_disable_all_campaigns":false,"_monsterinsights_skip_tracking":false,"_monsterinsights_sitenote_active":false,"_monsterinsights_sitenote_note":"","_monsterinsights_sitenote_category":0,"footnotes":""},"categories":[70,17,69,32,22],"tags":[100,71,48,75,4178,4180,128,129,107,4181,132,230,169,106,203,120,51,109,88,47,111,190],"class_list":["post-47907","post","type-post","status-publish","format-standard","has-post-thumbnail","hentry","category-destaques","category-euclides-da-cunha","category-noticias2","category-regiao","category-seguranca","tag-adustina","tag-antas","tag-araci","tag-cicero-dantas","tag-cipo-2","tag-crisopolis-2","tag-disparo-de-arma-de-fogo","tag-euclides-da-cunha","tag-fatima","tag-heliopolis-2","tag-itapicuru","tag-jeremoabo","tag-morte","tag-nova-soure","tag-novo-triunfo","tag-olindina","tag-paripiranga","tag-quijingue","tag-ribeira-do-amparo","tag-ribeira-do-pombal","tag-sitio-do-quinto","tag-tucano"],"aioseo_notices":[],"_links":{"self":[{"href":"https:\/\/www.portalalerta.com.br\/index.php\/wp-json\/wp\/v2\/posts\/47907","targetHints":{"allow":["GET"]}}],"collection":[{"href":"https:\/\/www.portalalerta.com.br\/index.php\/wp-json\/wp\/v2\/posts"}],"about":[{"href":"https:\/\/www.portalalerta.com.br\/index.php\/wp-json\/wp\/v2\/types\/post"}],"author":[{"embeddable":true,"href":"https:\/\/www.portalalerta.com.br\/index.php\/wp-json\/wp\/v2\/users\/2"}],"replies":[{"embeddable":true,"href":"https:\/\/www.portalalerta.com.br\/index.php\/wp-json\/wp\/v2\/comments?post=47907"}],"version-history":[{"count":1,"href":"https:\/\/www.portalalerta.com.br\/index.php\/wp-json\/wp\/v2\/posts\/47907\/revisions"}],"predecessor-version":[{"id":47909,"href":"https:\/\/www.portalalerta.com.br\/index.php\/wp-json\/wp\/v2\/posts\/47907\/revisions\/47909"}],"wp:featuredmedia":[{"embeddable":true,"href":"https:\/\/www.portalalerta.com.br\/index.php\/wp-json\/wp\/v2\/media\/47908"}],"wp:attachment":[{"href":"https:\/\/www.portalalerta.com.br\/index.php\/wp-json\/wp\/v2\/media?parent=47907"}],"wp:term":[{"taxonomy":"category","embeddable":true,"href":"https:\/\/www.portalalerta.com.br\/index.php\/wp-json\/wp\/v2\/categories?post=47907"},{"taxonomy":"post_tag","embeddable":true,"href":"https:\/\/www.portalalerta.com.br\/index.php\/wp-json\/wp\/v2\/tags?post=47907"}],"curies":[{"name":"wp","href":"https:\/\/api.w.org\/{rel}","templated":true}]}}